{"id":101821,"date":"2016-12-12T06:13:21","date_gmt":"2016-12-12T08:13:21","guid":{"rendered":"http:\/\/www.redenoticia.com.br\/noticia\/?p=101821"},"modified":"2016-12-11T19:14:21","modified_gmt":"2016-12-11T21:14:21","slug":"rio-podera-ter-deficit-de-r-17-bilhoes-para-2017-diz-governo","status":"publish","type":"post","link":"https:\/\/www.redenoticia.com.br\/noticia\/2016\/rio-podera-ter-deficit-de-r-17-bilhoes-para-2017-diz-governo\/101821","title":{"rendered":"Rio poder\u00e1 ter d\u00e9ficit de R$ 17 bilh\u00f5es para 2017, diz governo"},"content":{"rendered":"<p> A <strong><em>situa\u00e7\u00e3o financeira do estado do Rio<\/em><\/strong> continuar\u00e1 dif\u00edcil no pr\u00f3ximo ano, com forte desequil\u00edbrio nas contas p\u00fablicas. A diferen\u00e7a entre as receitas e as despesas deve ser de R$ 17 bilh\u00f5es, segundo divulgou o secret\u00e1rio de Estado de Fazenda, Gustavo Barbosa, durante reuni\u00e3o na Comiss\u00e3o de Or\u00e7amento da Assembleia Legislativa do Rio de Janeiro (Alerj).<\/p>\n<p>De acordo com o projeto da Lei Or\u00e7ament\u00e1ria Anual (LOA), a receita l\u00edquida do estado prevista para 2017 seria de R$ 62,3 bilh\u00f5es e as despesas fixadas em R$ 77,6 bilh\u00f5es. O secret\u00e1rio informou que a receita l\u00edquida foi recalculada e chegou ao valor de R$ 60.5 bilh\u00f5es, R$ 2 bilh\u00f5es a menos do que o previsto no texto enviado.<\/p>\n<p>Barbosa se comprometeu a fazer os ajustes, quando a mat\u00e9ria seguir\u00e1 para aprecia\u00e7\u00e3o dos 70 deputados, que ter\u00e3o at\u00e9 o dia 16 deste m\u00eas para apresentar as emendas ao projeto. A previs\u00e3o \u00e9 que a Casa vote a proposta no dia 20 de dezembro.<\/p>\n<p>Na pr\u00f3xima ter\u00e7a-feira (13), est\u00e1 prevista a vota\u00e7\u00e3o de projeto com aumento nas al\u00edquotas de ICMS para diversos setores, incluindo bebidas e energia el\u00e9trica. Na quarta-feira (14), est\u00e3o previstas as vota\u00e7\u00f5es mais pol\u00eamicas, o que poder\u00e1 gerar fortes protestos. Entre os projetos que ser\u00e3o votados, est\u00e1 a medida que adia para 2020 o aumento salarial de algumas categorias de servidores, incluindo os militares, que deveria entrar em vigor em 2017. As informa\u00e7\u00f5es s\u00e3o da assessoria de comunica\u00e7\u00e3o da Alerj.<\/p>\n<p>Vladimir Platonow &#8211; Rep\u00f3rter da Ag\u00eancia Brasil<br \/>\nEdi\u00e7\u00e3o: Val\u00e9ria Aguiar<br \/>\n12\/12\/2016<\/p>\n","protected":false},"excerpt":{"rendered":"<p>A situa\u00e7\u00e3o financeira do estado do Rio continuar\u00e1 dif\u00edcil no pr\u00f3ximo ano, com forte desequil\u00edbrio nas contas p\u00fablicas. A diferen\u00e7a entre as receitas e as despesas deve ser de R$ 17 bilh\u00f5es, segundo divulgou o secret\u00e1rio de Estado de Fazenda, Gustavo Barbosa, durante reuni\u00e3o na Comiss\u00e3o de Or\u00e7amento da Assembleia Legislativa do Rio de Janeiro [&hellip;]<\/p>\n","protected":false},"author":2,"featured_media":38938,"comment_status":"open","ping_status":"closed","sticky":false,"template":"","format":"standard","meta":{"_genesis_hide_title":false,"_genesis_hide_breadcrumbs":false,"_genesis_hide_singular_image":false,"_genesis_hide_footer_widgets":false,"_genesis_custom_body_class":"","_genesis_custom_post_class":"","_genesis_layout":"","_jetpack_memberships_contains_paid_content":false,"footnotes":""},"categories":[22,7],"tags":[],"class_list":{"0":"post-101821","1":"post","2":"type-post","3":"status-publish","4":"format-standard","5":"has-post-thumbnail","7":"category-brasil","8":"category-economia","9":"entry","10":"gs-1","11":"gs-odd","12":"gs-even","13":"gs-featured-content-entry"},"jetpack_featured_media_url":"https:\/\/www.redenoticia.com.br\/noticia\/imagens\/economia1.jpg","jetpack_sharing_enabled":true,"jetpack_likes_enabled":true,"_links":{"self":[{"href":"https:\/\/www.redenoticia.com.br\/noticia\/wp-json\/wp\/v2\/posts\/101821","targetHints":{"allow":["GET"]}}],"collection":[{"href":"https:\/\/www.redenoticia.com.br\/noticia\/wp-json\/wp\/v2\/posts"}],"about":[{"href":"https:\/\/www.redenoticia.com.br\/noticia\/wp-json\/wp\/v2\/types\/post"}],"author":[{"embeddable":true,"href":"https:\/\/www.redenoticia.com.br\/noticia\/wp-json\/wp\/v2\/users\/2"}],"replies":[{"embeddable":true,"href":"https:\/\/www.redenoticia.com.br\/noticia\/wp-json\/wp\/v2\/comments?post=101821"}],"version-history":[{"count":0,"href":"https:\/\/www.redenoticia.com.br\/noticia\/wp-json\/wp\/v2\/posts\/101821\/revisions"}],"wp:featuredmedia":[{"embeddable":true,"href":"https:\/\/www.redenoticia.com.br\/noticia\/wp-json\/wp\/v2\/media\/38938"}],"wp:attachment":[{"href":"https:\/\/www.redenoticia.com.br\/noticia\/wp-json\/wp\/v2\/media?parent=101821"}],"wp:term":[{"taxonomy":"category","embeddable":true,"href":"https:\/\/www.redenoticia.com.br\/noticia\/wp-json\/wp\/v2\/categories?post=101821"},{"taxonomy":"post_tag","embeddable":true,"href":"https:\/\/www.redenoticia.com.br\/noticia\/wp-json\/wp\/v2\/tags?post=101821"}],"curies":[{"name":"wp","href":"https:\/\/api.w.org\/{rel}","templated":true}]}}