{"id":101819,"date":"2016-12-12T06:11:47","date_gmt":"2016-12-12T08:11:47","guid":{"rendered":"http:\/\/www.redenoticia.com.br\/noticia\/?p=101819"},"modified":"2016-12-11T19:13:04","modified_gmt":"2016-12-11T21:13:04","slug":"vagas-na-industria-criativa-crescem-no-pais","status":"publish","type":"post","link":"https:\/\/www.redenoticia.com.br\/noticia\/2016\/vagas-na-industria-criativa-crescem-no-pais\/101819","title":{"rendered":"Vagas na ind\u00fastria criativa crescem no pa\u00eds"},"content":{"rendered":"<p> Os <strong><em>empregos na ind\u00fastria criativa<\/em><\/strong> cresceram 0,1% em 2015 na compara\u00e7\u00e3o com 2013, totalizando 851,2 mil trabalhadores, conforme Mapeamento da Ind\u00fastria Criativa no Brasil, divulgado pela Federa\u00e7\u00e3o das Ind\u00fastrias do Estado do Rio de Janeiro (Firjan),<\/p>\n<p>\u201cNo per\u00edodo em que o Brasil perdeu, nesses dois anos de an\u00e1lise, 900 mil postos de trabalho, qualquer saldo positivo \u00e9 comemorado. E a ind\u00fastria criativa foi positiva\u201d, disse o gerente do Programa da Ind\u00fastria Criativa do Sistema Firjan, Gabriel Pinto.<\/p>\n<p>Gastronomia<\/p>\n<p>A maioria das vagas foram abertas na \u00e1rea de cultura (patrim\u00f4nio e artes, m\u00fasica, artes c\u00eanicas e express\u00f5es culturais), que teve crescimento de 7,1% no per\u00edodo analisado. \u201cFoi basicamente a gastronomia que puxou a cultura para cima, porque se consolidou como uma express\u00e3o cultural\u201d.<\/p>\n<p>Os estados de S\u00e3o Paulo e Rio de Janeiro concentram a metade dos empregos criativos no pa\u00eds, com 328 mil e 99 mil trabalhadores, respectivamente. Em S\u00e3o Paulo, a maior parte dos profissionais (69 mil) est\u00e3o na \u00e1rea de publicidade; e no Rio, em tecnologia.<\/p>\n<p>PIB Criativo<\/p>\n<p>A participa\u00e7\u00e3o da produ\u00e7\u00e3o da ind\u00fastria criativa, no Produto Interno Bruto (PIB) do Brasil, aumentou de 2,56%, em 2013, para 2,64%, em 2015, gerando R$ 155,6 bilh\u00f5es. No ranking por estados, a maior participa\u00e7\u00e3o da ind\u00fastria criativa no PIB estadual foi registrada em S\u00e3o Paulo (3,9%), seguida do Rio de Janeiro (3,7%) e Distrito Federal (3,1%), superando a m\u00e9dia nacional.<\/p>\n<p>De acordo com a sondagem, 18 unidades da Federa\u00e7\u00e3o mantiveram ou ampliaram a participa\u00e7\u00e3o do PIB Criativo no per\u00edodo pesquisado. O n\u00famero de estabelecimentos ligados ao setor cresceu 5,6%, somando 239 mil, em 2015.<\/p>\n<p>Remunera\u00e7\u00e3o<\/p>\n<p>Em termos de remunera\u00e7\u00e3o, o mapeamento mostra que os profissionais, em todos os estados, ganham acima da m\u00e9dia nacional de R$ 2.451, por\u00e9m os sal\u00e1rios ca\u00edram em 23 unidades federativas entre 2013 e 2015. No Rio de Janeiro, os sal\u00e1rios chegam a R$ 9.826, com aumento de 300%. No Cear\u00e1, a remunera\u00e7\u00e3o subiu 40%.<\/p>\n<p>Segundo Gabriel Pinto, as remunera\u00e7\u00f5es maiores no Rio de Janeiro est\u00e3o relacionados pelo fato de o estado ter grande n\u00famero de empresas ligadas \u00e0 e tecnologia. \u201cO Rio de Janeiro \u00e9 respons\u00e1vel por representar a identidade brasileira. Identidade e marca s\u00e3o valoriza\u00e7\u00e3o do produto e essa valoriza\u00e7\u00e3o tamb\u00e9m se reflete na remunera\u00e7\u00e3o. O Rio de Janeiro dita moda, dita comportamento, concentra grande parte do parque tecnol\u00f3gico brasileiro, tem uma for\u00e7a muito grande nesse sentido\u201d.<\/p>\n<p>A maior queda ocorreu no Tocantins (-25%), resultado da redu\u00e7\u00e3o nas \u00e1reas de pesquisa e desenvolvimento (P&#038;D) e biotecnologia.<\/p>\n<p>Alana Gandra &#8211; Rep\u00f3rter da Ag\u00eancia Brasil<br \/>\nEdi\u00e7\u00e3o: Carolina Pimentel<br \/>\n12\/12\/2016<\/p>\n","protected":false},"excerpt":{"rendered":"<p>Os empregos na ind\u00fastria criativa cresceram 0,1% em 2015 na compara\u00e7\u00e3o com 2013, totalizando 851,2 mil trabalhadores, conforme Mapeamento da Ind\u00fastria Criativa no Brasil, divulgado pela Federa\u00e7\u00e3o das Ind\u00fastrias do Estado do Rio de Janeiro (Firjan), \u201cNo per\u00edodo em que o Brasil perdeu, nesses dois anos de an\u00e1lise, 900 mil postos de trabalho, qualquer saldo [&hellip;]<\/p>\n","protected":false},"author":2,"featured_media":57585,"comment_status":"open","ping_status":"closed","sticky":false,"template":"","format":"standard","meta":{"_genesis_hide_title":false,"_genesis_hide_breadcrumbs":false,"_genesis_hide_singular_image":false,"_genesis_hide_footer_widgets":false,"_genesis_custom_body_class":"","_genesis_custom_post_class":"","_genesis_layout":"","_jetpack_memberships_contains_paid_content":false,"footnotes":""},"categories":[22,7],"tags":[],"class_list":{"0":"post-101819","1":"post","2":"type-post","3":"status-publish","4":"format-standard","5":"has-post-thumbnail","7":"category-brasil","8":"category-economia","9":"entry","10":"gs-1","11":"gs-odd","12":"gs-even","13":"gs-featured-content-entry"},"jetpack_featured_media_url":"https:\/\/www.redenoticia.com.br\/noticia\/imagens\/analise-economia.jpg","jetpack_sharing_enabled":true,"jetpack_likes_enabled":true,"_links":{"self":[{"href":"https:\/\/www.redenoticia.com.br\/noticia\/wp-json\/wp\/v2\/posts\/101819","targetHints":{"allow":["GET"]}}],"collection":[{"href":"https:\/\/www.redenoticia.com.br\/noticia\/wp-json\/wp\/v2\/posts"}],"about":[{"href":"https:\/\/www.redenoticia.com.br\/noticia\/wp-json\/wp\/v2\/types\/post"}],"author":[{"embeddable":true,"href":"https:\/\/www.redenoticia.com.br\/noticia\/wp-json\/wp\/v2\/users\/2"}],"replies":[{"embeddable":true,"href":"https:\/\/www.redenoticia.com.br\/noticia\/wp-json\/wp\/v2\/comments?post=101819"}],"version-history":[{"count":0,"href":"https:\/\/www.redenoticia.com.br\/noticia\/wp-json\/wp\/v2\/posts\/101819\/revisions"}],"wp:featuredmedia":[{"embeddable":true,"href":"https:\/\/www.redenoticia.com.br\/noticia\/wp-json\/wp\/v2\/media\/57585"}],"wp:attachment":[{"href":"https:\/\/www.redenoticia.com.br\/noticia\/wp-json\/wp\/v2\/media?parent=101819"}],"wp:term":[{"taxonomy":"category","embeddable":true,"href":"https:\/\/www.redenoticia.com.br\/noticia\/wp-json\/wp\/v2\/categories?post=101819"},{"taxonomy":"post_tag","embeddable":true,"href":"https:\/\/www.redenoticia.com.br\/noticia\/wp-json\/wp\/v2\/tags?post=101819"}],"curies":[{"name":"wp","href":"https:\/\/api.w.org\/{rel}","templated":true}]}}