{"id":101807,"date":"2016-12-13T06:01:02","date_gmt":"2016-12-13T08:01:02","guid":{"rendered":"http:\/\/www.redenoticia.com.br\/noticia\/?p=101807"},"modified":"2016-12-12T20:49:42","modified_gmt":"2016-12-12T22:49:42","slug":"mostra-detalha-trabalho-cientifico-do-instituto-butantan","status":"publish","type":"post","link":"https:\/\/www.redenoticia.com.br\/noticia\/2016\/mostra-detalha-trabalho-cientifico-do-instituto-butantan\/101807","title":{"rendered":"Mostra detalha trabalho cient\u00edfico do Instituto Butantan"},"content":{"rendered":"<p> O Instituto Butantan apresenta a exposi\u00e7\u00e3o &#8220;<strong><em>Butantan al\u00e9m das cobras<\/em><\/strong>&#8220;, que mostra a atua\u00e7\u00e3o al\u00e9m do trabalho com os animais pe\u00e7onhentos, pelo qual \u00e9 reconhecido. Os visitantes poder\u00e3o ver uma mostra interativa, detalhes do trabalho de pesquisa, desenvolvimento, produ\u00e7\u00e3o e difus\u00e3o cient\u00edfica durante todo o decorrer dos seus 115 anos de exist\u00eancia.<\/p>\n<p>Dentre os itens da exposi\u00e7\u00e3o est\u00e3o documentos hist\u00f3ricos, como o livro de visitantes do instituto de 1914 com dedicat\u00f3rias de personalidades da \u00e9poca como Ruy Barbosa e o ex-presidente norte-americano Theodore Roosevelt, e tamb\u00e9m a tese do fundador do Butantan, Vital Brazil, encadernada em pele de cobra, de 1891. Outros itens que o visitante pode conhecer s\u00e3o os cart\u00f5es postais do in\u00edcio do s\u00e9culo XX, v\u00eddeos, pain\u00e9is sobre as atividades desenvolvidas pela institui\u00e7\u00e3o e as serpentes da cole\u00e7\u00e3o herpetol\u00f3gica. <\/p>\n<p>Os visitantes podem tamb\u00e9m conferir o universo atual de pesquisa, da produ\u00e7\u00e3o de soros e vacinas que abastecem o pa\u00eds e os projetos em andamento no Instituto, que hoje conta com mais de 30 laborat\u00f3rios nas \u00e1reas de biologia animal, toxinologia, vacinologia e desenvolvimento de produtos. <\/p>\n<p>A exposi\u00e7\u00e3o \u00e9 gratuita e abre de ter\u00e7a a domingo, das 10h \u00e0s 16h. <\/p>\n<p>SERVI\u00c7O<br \/>\nExposi\u00e7\u00e3o &#8220;Butantan al\u00e9m das cobras&#8221;<br \/>\nDe ter\u00e7a a domingo, das 10h \u00e0s 16h<br \/>\nInstituto Butantan (Avenida Vital Brasil, 1.500, Butant\u00e3, S\u00e3o Paulo)<br \/>\nTelefone: (11) 2627-9300 <\/p>\n<p>Do Portal do Governo do Estado SP<\/p>\n","protected":false},"excerpt":{"rendered":"<p>O Instituto Butantan apresenta a exposi\u00e7\u00e3o &#8220;Butantan al\u00e9m das cobras&#8220;, que mostra a atua\u00e7\u00e3o al\u00e9m do trabalho com os animais pe\u00e7onhentos, pelo qual \u00e9 reconhecido. Os visitantes poder\u00e3o ver uma mostra interativa, detalhes do trabalho de pesquisa, desenvolvimento, produ\u00e7\u00e3o e difus\u00e3o cient\u00edfica durante todo o decorrer dos seus 115 anos de exist\u00eancia. Dentre os itens [&hellip;]<\/p>\n","protected":false},"author":2,"featured_media":28951,"comment_status":"open","ping_status":"closed","sticky":false,"template":"","format":"standard","meta":{"_genesis_hide_title":false,"_genesis_hide_breadcrumbs":false,"_genesis_hide_singular_image":false,"_genesis_hide_footer_widgets":false,"_genesis_custom_body_class":"","_genesis_custom_post_class":"","_genesis_layout":"","_jetpack_memberships_contains_paid_content":false,"footnotes":""},"categories":[22],"tags":[],"class_list":{"0":"post-101807","1":"post","2":"type-post","3":"status-publish","4":"format-standard","5":"has-post-thumbnail","7":"category-brasil","8":"entry","9":"gs-1","10":"gs-odd","11":"gs-even","12":"gs-featured-content-entry"},"jetpack_featured_media_url":"https:\/\/www.redenoticia.com.br\/noticia\/imagens\/concurso-inscricao-vagas-ate.jpg","jetpack_sharing_enabled":true,"jetpack_likes_enabled":true,"_links":{"self":[{"href":"https:\/\/www.redenoticia.com.br\/noticia\/wp-json\/wp\/v2\/posts\/101807","targetHints":{"allow":["GET"]}}],"collection":[{"href":"https:\/\/www.redenoticia.com.br\/noticia\/wp-json\/wp\/v2\/posts"}],"about":[{"href":"https:\/\/www.redenoticia.com.br\/noticia\/wp-json\/wp\/v2\/types\/post"}],"author":[{"embeddable":true,"href":"https:\/\/www.redenoticia.com.br\/noticia\/wp-json\/wp\/v2\/users\/2"}],"replies":[{"embeddable":true,"href":"https:\/\/www.redenoticia.com.br\/noticia\/wp-json\/wp\/v2\/comments?post=101807"}],"version-history":[{"count":0,"href":"https:\/\/www.redenoticia.com.br\/noticia\/wp-json\/wp\/v2\/posts\/101807\/revisions"}],"wp:featuredmedia":[{"embeddable":true,"href":"https:\/\/www.redenoticia.com.br\/noticia\/wp-json\/wp\/v2\/media\/28951"}],"wp:attachment":[{"href":"https:\/\/www.redenoticia.com.br\/noticia\/wp-json\/wp\/v2\/media?parent=101807"}],"wp:term":[{"taxonomy":"category","embeddable":true,"href":"https:\/\/www.redenoticia.com.br\/noticia\/wp-json\/wp\/v2\/categories?post=101807"},{"taxonomy":"post_tag","embeddable":true,"href":"https:\/\/www.redenoticia.com.br\/noticia\/wp-json\/wp\/v2\/tags?post=101807"}],"curies":[{"name":"wp","href":"https:\/\/api.w.org\/{rel}","templated":true}]}}