{"id":101678,"date":"2016-12-09T06:16:51","date_gmt":"2016-12-09T08:16:51","guid":{"rendered":"http:\/\/www.redenoticia.com.br\/noticia\/?p=101678"},"modified":"2016-12-09T01:18:11","modified_gmt":"2016-12-09T03:18:11","slug":"receita-diz-que-771-mil-declaracoes-do-imposto-de-renda-estao-na-malha-fina","status":"publish","type":"post","link":"https:\/\/www.redenoticia.com.br\/noticia\/2016\/receita-diz-que-771-mil-declaracoes-do-imposto-de-renda-estao-na-malha-fina\/101678","title":{"rendered":"Receita diz que 771 mil declara\u00e7\u00f5es do Imposto de Renda est\u00e3o na malha fina"},"content":{"rendered":"<p>A Receita Federal informou que 771.801 declara\u00e7\u00f5es do Imposto de Renda permaneceram retidas em <strong><em>malha fina<\/em><\/strong> at\u00e9 esta data. O n\u00famero corresponde a 2,61% do total de 29.542.894 declara\u00e7\u00f5es do Imposto de Renda Pessoa F\u00edsica 2016 apresentadas este ano. Dessas declara\u00e7\u00f5es, 75% apresentam imposto a restituir, 22% t\u00eam imposto a pagar e 3% n\u00e3o apresentam imposto a restituir ou a pagar.<\/p>\n<p>A consulta ao s\u00e9timo e \u00faltimo lote de restitui\u00e7\u00f5es foi liberada. O cr\u00e9dito banc\u00e1rio ser\u00e1 realizado no pr\u00f3ximo dia 15. Quem n\u00e3o entrou no lote deve verificar os motivos da reten\u00e7\u00e3o.<\/p>\n<p>As principais raz\u00f5es pelas quais as declara\u00e7\u00f5es foram retidas s\u00e3o omiss\u00e3o de rendimentos do titular ou seus dependentes (409.054), diverg\u00eancias entre o imposto informado na declara\u00e7\u00e3o e o informado pela fonte (293.284), dedu\u00e7\u00e3o indevida de previd\u00eancia oficial ou privada, dependentes, pens\u00e3o aliment\u00edcia e outras (277.848), al\u00e9m de despesas m\u00e9dicas que n\u00e3o correspondem (162.078).<\/p>\n<p>Extrato da declara\u00e7\u00e3o pode ser verificado<\/p>\n<p>O contribuinte pode consultar informa\u00e7\u00f5es atualizadas sobre a situa\u00e7\u00e3o da declara\u00e7\u00e3o por meio do servi\u00e7o Extrato do Processamento da Dirpf, dispon\u00edvel na p\u00e1gina da Receita, na internet, servi\u00e7o e-CAC, para verificar o extrato da declara\u00e7\u00e3o. No endere\u00e7o, \u00e9 poss\u00edvel saber se h\u00e1 inconsist\u00eancias de dados identificadas pelo processamento. Nessa hip\u00f3tese, o contribuinte pode fazer a autorregulariza\u00e7\u00e3o, mediante entrega de declara\u00e7\u00e3o retificadora.<\/p>\n<p>Ao acessar o extrato, \u00e9 importante prestar aten\u00e7\u00e3o na se\u00e7\u00e3o pend\u00eancias. \u00c9 nela que o contribuinte pode identificar se a declara\u00e7\u00e3o est\u00e1 retida em malha fiscal, ou se h\u00e1 alguma outra pend\u00eancia que possa ser regularizada por ele mesmo. Se a declara\u00e7\u00e3o estiver retida em malha fiscal, o contribuinte encontra um link para verificar com detalhes o motivo da reten\u00e7\u00e3o e consultar orienta\u00e7\u00f5es de procedimentos.<\/p>\n<p>Se n\u00e3o houver erro, o contribuinte deve separar os documentos e aguardar intima\u00e7\u00e3o ou agendar pela internet uma data e local para apresentar as justificativas para antecipar a an\u00e1lise de sua declara\u00e7\u00e3o pela Receita Federal. O agendamento para declara\u00e7\u00f5es do exerc\u00edcio 2016 come\u00e7a a partir do primeiro dia \u00fatil de janeiro de 2017.<\/p>\n<p>Daniel Lima &#8211; Rep\u00f3rter da Ag\u00eancia Brasil<br \/>\nEdi\u00e7\u00e3o: Kleber Sampaio<br \/>\n09\/12\/2016<\/p>\n","protected":false},"excerpt":{"rendered":"<p>A Receita Federal informou que 771.801 declara\u00e7\u00f5es do Imposto de Renda permaneceram retidas em malha fina at\u00e9 esta data. O n\u00famero corresponde a 2,61% do total de 29.542.894 declara\u00e7\u00f5es do Imposto de Renda Pessoa F\u00edsica 2016 apresentadas este ano. Dessas declara\u00e7\u00f5es, 75% apresentam imposto a restituir, 22% t\u00eam imposto a pagar e 3% n\u00e3o apresentam [&hellip;]<\/p>\n","protected":false},"author":2,"featured_media":57583,"comment_status":"open","ping_status":"closed","sticky":false,"template":"","format":"standard","meta":{"_genesis_hide_title":false,"_genesis_hide_breadcrumbs":false,"_genesis_hide_singular_image":false,"_genesis_hide_footer_widgets":false,"_genesis_custom_body_class":"","_genesis_custom_post_class":"","_genesis_layout":"","_jetpack_memberships_contains_paid_content":false,"footnotes":""},"categories":[22,7],"tags":[],"class_list":{"0":"post-101678","1":"post","2":"type-post","3":"status-publish","4":"format-standard","5":"has-post-thumbnail","7":"category-brasil","8":"category-economia","9":"entry","10":"gs-1","11":"gs-odd","12":"gs-even","13":"gs-featured-content-entry"},"jetpack_featured_media_url":"https:\/\/www.redenoticia.com.br\/noticia\/imagens\/economia-grafico.jpg","jetpack_sharing_enabled":true,"jetpack_likes_enabled":true,"_links":{"self":[{"href":"https:\/\/www.redenoticia.com.br\/noticia\/wp-json\/wp\/v2\/posts\/101678","targetHints":{"allow":["GET"]}}],"collection":[{"href":"https:\/\/www.redenoticia.com.br\/noticia\/wp-json\/wp\/v2\/posts"}],"about":[{"href":"https:\/\/www.redenoticia.com.br\/noticia\/wp-json\/wp\/v2\/types\/post"}],"author":[{"embeddable":true,"href":"https:\/\/www.redenoticia.com.br\/noticia\/wp-json\/wp\/v2\/users\/2"}],"replies":[{"embeddable":true,"href":"https:\/\/www.redenoticia.com.br\/noticia\/wp-json\/wp\/v2\/comments?post=101678"}],"version-history":[{"count":0,"href":"https:\/\/www.redenoticia.com.br\/noticia\/wp-json\/wp\/v2\/posts\/101678\/revisions"}],"wp:featuredmedia":[{"embeddable":true,"href":"https:\/\/www.redenoticia.com.br\/noticia\/wp-json\/wp\/v2\/media\/57583"}],"wp:attachment":[{"href":"https:\/\/www.redenoticia.com.br\/noticia\/wp-json\/wp\/v2\/media?parent=101678"}],"wp:term":[{"taxonomy":"category","embeddable":true,"href":"https:\/\/www.redenoticia.com.br\/noticia\/wp-json\/wp\/v2\/categories?post=101678"},{"taxonomy":"post_tag","embeddable":true,"href":"https:\/\/www.redenoticia.com.br\/noticia\/wp-json\/wp\/v2\/tags?post=101678"}],"curies":[{"name":"wp","href":"https:\/\/api.w.org\/{rel}","templated":true}]}}