{"id":101676,"date":"2016-12-09T06:16:00","date_gmt":"2016-12-09T08:16:00","guid":{"rendered":"http:\/\/www.redenoticia.com.br\/noticia\/?p=101676"},"modified":"2016-12-09T01:16:46","modified_gmt":"2016-12-09T03:16:46","slug":"investimentos-no-brasil-tem-queda-de-26-em-outubro-diz-o-ipea","status":"publish","type":"post","link":"https:\/\/www.redenoticia.com.br\/noticia\/2016\/investimentos-no-brasil-tem-queda-de-26-em-outubro-diz-o-ipea\/101676","title":{"rendered":"Investimentos no Brasil t\u00eam queda de 2,6% em outubro, diz o Ipea"},"content":{"rendered":"<p> Os <strong><em>investimentos no Brasil<\/em><\/strong> registraram queda de 2,6% em outubro, na compara\u00e7\u00e3o com setembro, com ajuste sazonal, revela o indicador Forma\u00e7\u00e3o Bruta de Capital Fixo (FBCF), do Instituto de Pesquisa Econ\u00f4mica Aplicada (Ipea).<\/p>\n<p>Para a \u00e1rea t\u00e9cnica do governo, o novo recuo indica continuidade do quadro recessivo no quarto trimestre de 2016 e, caso o indicador apresente crescimento nulo em novembro e dezembro, encerrar\u00e1 o \u00faltimo trimestre do ano com contra\u00e7\u00e3o de 4,8% em rela\u00e7\u00e3o ao trimestre anterior, com o efeito sazonal. Na compara\u00e7\u00e3o com outubro de 2015, o indicador caiu 13,6%.<\/p>\n<p>O Ipea informou, tamb\u00e9m, que os principais componentes do indicador apresentaram desempenho ruim em outubro. O consumo aparente de m\u00e1quinas e equipamentos (Came), que estima os investimentos em m\u00e1quinas e equipamentos correspondentes \u00e0 produ\u00e7\u00e3o industrial dom\u00e9stica, acrescida das importa\u00e7\u00f5es e diminu\u00edda das exporta\u00e7\u00f5es, apresentou recuo de 1,5%.<\/p>\n<p>Constru\u00e7\u00e3o civil tem retra\u00e7\u00e3o de -3.9%<\/p>\n<p>J\u00e1 o indicador de constru\u00e7\u00e3o civil retraiu-se pela quarta vez em cinco meses, com -3,9% na compara\u00e7\u00e3o com o per\u00edodo anterior, com ajuste sazonal. Na compara\u00e7\u00e3o com outubro de 2015, os dois componentes apresentaram forte retra\u00e7\u00e3o, com quedas de 15,4% e 13,5%, respectivamente.<\/p>\n<p>Parte da composi\u00e7\u00e3o do Came, a produ\u00e7\u00e3o dom\u00e9stica de bens de capital caiu 2,8% em outubro, na compara\u00e7\u00e3o dessazonalizada, destaca o Ipea. Essa queda foi amenizada pelo comportamento do volume de importa\u00e7\u00f5es de bens de capital no mesmo per\u00edodo.<\/p>\n<p>Ap\u00f3s registrar tr\u00eas quedas consecutivas, o indicador de importa\u00e7\u00f5es avan\u00e7ou 6,3% entre os meses de setembro e outubro. J\u00e1 as exporta\u00e7\u00f5es cresceram 1,2% na mesma base de compara\u00e7\u00e3o.<\/p>\n<p>A forma\u00e7\u00e3o bruta de capital fixo da economia \u00e9 composta na maior parte pelos investimentos em m\u00e1quinas e equipamentos e em constru\u00e7\u00e3o civil.<\/p>\n<p>Da Ag\u00eancia Brasil<br \/>\nEdi\u00e7\u00e3o: Kleber Sampaio<br \/>\n09\/12\/2016<\/p>\n","protected":false},"excerpt":{"rendered":"<p>Os investimentos no Brasil registraram queda de 2,6% em outubro, na compara\u00e7\u00e3o com setembro, com ajuste sazonal, revela o indicador Forma\u00e7\u00e3o Bruta de Capital Fixo (FBCF), do Instituto de Pesquisa Econ\u00f4mica Aplicada (Ipea). Para a \u00e1rea t\u00e9cnica do governo, o novo recuo indica continuidade do quadro recessivo no quarto trimestre de 2016 e, caso o [&hellip;]<\/p>\n","protected":false},"author":2,"featured_media":57585,"comment_status":"open","ping_status":"closed","sticky":false,"template":"","format":"standard","meta":{"_genesis_hide_title":false,"_genesis_hide_breadcrumbs":false,"_genesis_hide_singular_image":false,"_genesis_hide_footer_widgets":false,"_genesis_custom_body_class":"","_genesis_custom_post_class":"","_genesis_layout":"","_jetpack_memberships_contains_paid_content":false,"footnotes":""},"categories":[22,7],"tags":[],"class_list":{"0":"post-101676","1":"post","2":"type-post","3":"status-publish","4":"format-standard","5":"has-post-thumbnail","7":"category-brasil","8":"category-economia","9":"entry","10":"gs-1","11":"gs-odd","12":"gs-even","13":"gs-featured-content-entry"},"jetpack_featured_media_url":"https:\/\/www.redenoticia.com.br\/noticia\/imagens\/analise-economia.jpg","jetpack_sharing_enabled":true,"jetpack_likes_enabled":true,"_links":{"self":[{"href":"https:\/\/www.redenoticia.com.br\/noticia\/wp-json\/wp\/v2\/posts\/101676","targetHints":{"allow":["GET"]}}],"collection":[{"href":"https:\/\/www.redenoticia.com.br\/noticia\/wp-json\/wp\/v2\/posts"}],"about":[{"href":"https:\/\/www.redenoticia.com.br\/noticia\/wp-json\/wp\/v2\/types\/post"}],"author":[{"embeddable":true,"href":"https:\/\/www.redenoticia.com.br\/noticia\/wp-json\/wp\/v2\/users\/2"}],"replies":[{"embeddable":true,"href":"https:\/\/www.redenoticia.com.br\/noticia\/wp-json\/wp\/v2\/comments?post=101676"}],"version-history":[{"count":0,"href":"https:\/\/www.redenoticia.com.br\/noticia\/wp-json\/wp\/v2\/posts\/101676\/revisions"}],"wp:featuredmedia":[{"embeddable":true,"href":"https:\/\/www.redenoticia.com.br\/noticia\/wp-json\/wp\/v2\/media\/57585"}],"wp:attachment":[{"href":"https:\/\/www.redenoticia.com.br\/noticia\/wp-json\/wp\/v2\/media?parent=101676"}],"wp:term":[{"taxonomy":"category","embeddable":true,"href":"https:\/\/www.redenoticia.com.br\/noticia\/wp-json\/wp\/v2\/categories?post=101676"},{"taxonomy":"post_tag","embeddable":true,"href":"https:\/\/www.redenoticia.com.br\/noticia\/wp-json\/wp\/v2\/tags?post=101676"}],"curies":[{"name":"wp","href":"https:\/\/api.w.org\/{rel}","templated":true}]}}