{"id":101674,"date":"2016-12-09T06:14:35","date_gmt":"2016-12-09T08:14:35","guid":{"rendered":"http:\/\/www.redenoticia.com.br\/noticia\/?p=101674"},"modified":"2016-12-09T01:15:55","modified_gmt":"2016-12-09T03:15:55","slug":"receita-libera-consulta-ao-ultimo-lote-do-imposto-de-renda-2016","status":"publish","type":"post","link":"https:\/\/www.redenoticia.com.br\/noticia\/2016\/receita-libera-consulta-ao-ultimo-lote-do-imposto-de-renda-2016\/101674","title":{"rendered":"Receita libera consulta ao \u00faltimo lote do Imposto de Renda 2016"},"content":{"rendered":"<p> A Receita Federal liberou a consulta ao s\u00e9timo e \u00faltimo lote regular de <strong><em>restitui\u00e7\u00e3o do Imposto<\/em><\/strong> de Renda Pessoa F\u00edsica. Foram liberadas tamb\u00e9m restitui\u00e7\u00f5es dos exerc\u00edcios de 2008 a 2015 de declara\u00e7\u00f5es que deixaram a malha fina. O cr\u00e9dito banc\u00e1rio para 1.717.596 contribuintes ser\u00e1 realizado no dia 15 de dezembro, totalizando o valor de R$ 2,5 bilh\u00f5es, informou a Receita.<\/p>\n<p>Para saber se teve a declara\u00e7\u00e3o liberada, o contribuinte ter\u00e1 que acessar a p\u00e1gina da Receita na internet ou ligar para o Receitafone, no n\u00famero 146. O Fisco disponibiliza ainda aplicativo para tablets e smartphones que facilita a consulta \u00e0s declara\u00e7\u00f5es e \u00e0 situa\u00e7\u00e3o cadastral no CPF.<\/p>\n<p> Os contribuintes que n\u00e3o forem relacionados no \u00faltimo lote ter\u00e3o que aguardar a libera\u00e7\u00e3o de lotes residuais no pr\u00f3ximo ano. Para evitar ficar em malha, o contribuinte deve consultar\u00a0 a p\u00e1gina da Receita, , para verificar o extrato da declara\u00e7\u00e3o. No endere\u00e7o \u00e9 poss\u00edvel saber se h\u00e1 inconsist\u00eancias de dados identificadas pelo processamento. Nessa hip\u00f3tese, o contribuinte pode fazer a autorregulariza\u00e7\u00e3o, mediante entrega de declara\u00e7\u00e3o retificadora.<\/p>\n<p>Todos os anos a Receita Federal libera sete lotes regulares de restitui\u00e7\u00e3o do Imposto de Renda Pessoa F\u00edsica a partir de junho. O \u00faltimo lote \u00e9 sempre programado para dezembro. Os valores s\u00e3o  pela taxa b\u00e1sica de juros (Selic).<\/p>\n<p>Daniel Lima \u2013 Rep\u00f3rter da Ag\u00eancia Brasil<br \/>\nEdi\u00e7\u00e3o: Maria Claudia<br \/>\n09\/12\/2016<\/p>\n","protected":false},"excerpt":{"rendered":"<p>A Receita Federal liberou a consulta ao s\u00e9timo e \u00faltimo lote regular de restitui\u00e7\u00e3o do Imposto de Renda Pessoa F\u00edsica. Foram liberadas tamb\u00e9m restitui\u00e7\u00f5es dos exerc\u00edcios de 2008 a 2015 de declara\u00e7\u00f5es que deixaram a malha fina. O cr\u00e9dito banc\u00e1rio para 1.717.596 contribuintes ser\u00e1 realizado no dia 15 de dezembro, totalizando o valor de R$ [&hellip;]<\/p>\n","protected":false},"author":2,"featured_media":23889,"comment_status":"open","ping_status":"closed","sticky":false,"template":"","format":"standard","meta":{"_genesis_hide_title":false,"_genesis_hide_breadcrumbs":false,"_genesis_hide_singular_image":false,"_genesis_hide_footer_widgets":false,"_genesis_custom_body_class":"","_genesis_custom_post_class":"","_genesis_layout":"","_jetpack_memberships_contains_paid_content":false,"footnotes":""},"categories":[22,7],"tags":[],"class_list":{"0":"post-101674","1":"post","2":"type-post","3":"status-publish","4":"format-standard","5":"has-post-thumbnail","7":"category-brasil","8":"category-economia","9":"entry","10":"gs-1","11":"gs-odd","12":"gs-even","13":"gs-featured-content-entry"},"jetpack_featured_media_url":"https:\/\/www.redenoticia.com.br\/noticia\/imagens\/receita-federal-irpf-2010.jpg","jetpack_sharing_enabled":true,"jetpack_likes_enabled":true,"_links":{"self":[{"href":"https:\/\/www.redenoticia.com.br\/noticia\/wp-json\/wp\/v2\/posts\/101674","targetHints":{"allow":["GET"]}}],"collection":[{"href":"https:\/\/www.redenoticia.com.br\/noticia\/wp-json\/wp\/v2\/posts"}],"about":[{"href":"https:\/\/www.redenoticia.com.br\/noticia\/wp-json\/wp\/v2\/types\/post"}],"author":[{"embeddable":true,"href":"https:\/\/www.redenoticia.com.br\/noticia\/wp-json\/wp\/v2\/users\/2"}],"replies":[{"embeddable":true,"href":"https:\/\/www.redenoticia.com.br\/noticia\/wp-json\/wp\/v2\/comments?post=101674"}],"version-history":[{"count":0,"href":"https:\/\/www.redenoticia.com.br\/noticia\/wp-json\/wp\/v2\/posts\/101674\/revisions"}],"wp:featuredmedia":[{"embeddable":true,"href":"https:\/\/www.redenoticia.com.br\/noticia\/wp-json\/wp\/v2\/media\/23889"}],"wp:attachment":[{"href":"https:\/\/www.redenoticia.com.br\/noticia\/wp-json\/wp\/v2\/media?parent=101674"}],"wp:term":[{"taxonomy":"category","embeddable":true,"href":"https:\/\/www.redenoticia.com.br\/noticia\/wp-json\/wp\/v2\/categories?post=101674"},{"taxonomy":"post_tag","embeddable":true,"href":"https:\/\/www.redenoticia.com.br\/noticia\/wp-json\/wp\/v2\/tags?post=101674"}],"curies":[{"name":"wp","href":"https:\/\/api.w.org\/{rel}","templated":true}]}}