{"id":101672,"date":"2016-12-09T06:08:28","date_gmt":"2016-12-09T08:08:28","guid":{"rendered":"http:\/\/www.redenoticia.com.br\/noticia\/?p=101672"},"modified":"2016-12-09T01:14:26","modified_gmt":"2016-12-09T03:14:26","slug":"conab-preve-2131-milhoes-de-toneladas-de-graos-de-20162017","status":"publish","type":"post","link":"https:\/\/www.redenoticia.com.br\/noticia\/2016\/conab-preve-2131-milhoes-de-toneladas-de-graos-de-20162017\/101672","title":{"rendered":"Conab prev\u00ea 213,1 milh\u00f5es de toneladas de gr\u00e3os de 2016\/2017"},"content":{"rendered":"<p> A <strong><em>produ\u00e7\u00e3o de gr\u00e3os<\/em><\/strong> deve crescer 14,2% na safra de 2016\/2017, com um aumento de 26,5 milh\u00f5es de toneladas em rela\u00e7\u00e3o \u00e0 safra anterior. A estimativa foi divulgada pela Companhia Nacional de Abastecimento (Conab) e chega a 213,1 milh\u00f5es de toneladas. Este \u00e9 o terceiro levantamento da safra da Conab, do total de 12, feito entre 20 a 26 de novembro.<\/p>\n<p> Segundo o superintendente de Informa\u00e7\u00f5es do Agroneg\u00f3cio da Conab, Aroldo de Oliveira Neto, o principal fator para o aumento da produ\u00e7\u00e3o \u00e9 o aumento de \u00e1rea, que deve chegar a 59,2 milh\u00f5es de hectares, o que representa um aumento de 1,4% ou 827 mil hectares, comparada \u00e0 safra 2015\/2016.<\/p>\n<p>Neto explica, por exemplo, que a \u00e1rea de feij\u00e3o cresceu 13%, o milho 3%, e a soja 2%. Mas como a soja \u00e9 a cultura mais produzida, um aumento percentual pequeno que seja de \u00e1rea, gera um aumento significativo na produ\u00e7\u00e3o. A proje\u00e7\u00e3o de crescimento da soja \u00e9 7,3% na produ\u00e7\u00e3o, podendo atingir 102,45 milh\u00f5es de toneladas.<\/p>\n<p>Segundo o superintendente da Conab, a incorpora\u00e7\u00e3o de pastagens \u00e9 o principal fator de aumento da \u00e1rea plantada. \u201cO aumento da \u00e1rea est\u00e1 muito focada nas \u00e1reas de pastagens ou pastagens degradadas, que s\u00e3o \u00e1reas que est\u00e3o sendo utilizadas para fazer a produ\u00e7\u00e3o dessas culturas. Existe, em menor, propor\u00e7\u00e3o a substitui\u00e7\u00e3o de uma cultura pela outra, mas nada que seja al\u00e9m dessa incorpora\u00e7\u00e3o de pastagens\u201d, explicou.<\/p>\n<p>O algod\u00e3o e o arroz foram exce\u00e7\u00f5es nesse crescimento, pois perderam \u00e1rea para o cultivo de soja. Ainda assim, a produ\u00e7\u00e3o dessas culturas deve subir. O arroz registra uma produ\u00e7\u00e3o de 11,5 milh\u00f5es de toneladas, aumento de 8,5%; e o algod\u00e3o deve crescer 9,7% e chegar a 1,41 milh\u00e3o de toneladas.<\/p>\n<p>Para o secret\u00e1rio de Pol\u00edtica Agr\u00edcola do Minist\u00e9rio da Agricultura, Pecu\u00e1ria e Abastecimento, N\u00e9ri Geller, mesmo com a crise pol\u00edtica, o setor est\u00e1 motivado para produzir e retomar a economia do pa\u00eds. \u201cVoc\u00ea tem o incremento s\u00f3 de movimenta\u00e7\u00e3o dessa produ\u00e7\u00e3o da ordem de R$ 200 bilh\u00f5es, al\u00e9m de desaguar em outras demandas, por exemplo, transporte, como movimentar a ind\u00fastria de caminh\u00f5es, a ind\u00fastria de pneus, todo o com\u00e9rcio, as revendas de insumos e ind\u00fastria de equipamentos agr\u00edcolas\u201d, disse.<\/p>\n<p>Andreia Verd\u00e9lio \u2013 Rep\u00f3rter da Ag\u00eancia Brasil<br \/>\nEdi\u00e7\u00e3o: Val\u00e9ria Aguiar<br \/>\n09\/12\/2016<\/p>\n","protected":false},"excerpt":{"rendered":"<p>A produ\u00e7\u00e3o de gr\u00e3os deve crescer 14,2% na safra de 2016\/2017, com um aumento de 26,5 milh\u00f5es de toneladas em rela\u00e7\u00e3o \u00e0 safra anterior. A estimativa foi divulgada pela Companhia Nacional de Abastecimento (Conab) e chega a 213,1 milh\u00f5es de toneladas. Este \u00e9 o terceiro levantamento da safra da Conab, do total de 12, feito [&hellip;]<\/p>\n","protected":false},"author":2,"featured_media":57582,"comment_status":"open","ping_status":"closed","sticky":false,"template":"","format":"standard","meta":{"_genesis_hide_title":false,"_genesis_hide_breadcrumbs":false,"_genesis_hide_singular_image":false,"_genesis_hide_footer_widgets":false,"_genesis_custom_body_class":"","_genesis_custom_post_class":"","_genesis_layout":"","_jetpack_memberships_contains_paid_content":false,"footnotes":""},"categories":[22,7],"tags":[],"class_list":{"0":"post-101672","1":"post","2":"type-post","3":"status-publish","4":"format-standard","5":"has-post-thumbnail","7":"category-brasil","8":"category-economia","9":"entry","10":"gs-1","11":"gs-odd","12":"gs-even","13":"gs-featured-content-entry"},"jetpack_featured_media_url":"https:\/\/www.redenoticia.com.br\/noticia\/imagens\/grafico1.jpg","jetpack_sharing_enabled":true,"jetpack_likes_enabled":true,"_links":{"self":[{"href":"https:\/\/www.redenoticia.com.br\/noticia\/wp-json\/wp\/v2\/posts\/101672","targetHints":{"allow":["GET"]}}],"collection":[{"href":"https:\/\/www.redenoticia.com.br\/noticia\/wp-json\/wp\/v2\/posts"}],"about":[{"href":"https:\/\/www.redenoticia.com.br\/noticia\/wp-json\/wp\/v2\/types\/post"}],"author":[{"embeddable":true,"href":"https:\/\/www.redenoticia.com.br\/noticia\/wp-json\/wp\/v2\/users\/2"}],"replies":[{"embeddable":true,"href":"https:\/\/www.redenoticia.com.br\/noticia\/wp-json\/wp\/v2\/comments?post=101672"}],"version-history":[{"count":0,"href":"https:\/\/www.redenoticia.com.br\/noticia\/wp-json\/wp\/v2\/posts\/101672\/revisions"}],"wp:featuredmedia":[{"embeddable":true,"href":"https:\/\/www.redenoticia.com.br\/noticia\/wp-json\/wp\/v2\/media\/57582"}],"wp:attachment":[{"href":"https:\/\/www.redenoticia.com.br\/noticia\/wp-json\/wp\/v2\/media?parent=101672"}],"wp:term":[{"taxonomy":"category","embeddable":true,"href":"https:\/\/www.redenoticia.com.br\/noticia\/wp-json\/wp\/v2\/categories?post=101672"},{"taxonomy":"post_tag","embeddable":true,"href":"https:\/\/www.redenoticia.com.br\/noticia\/wp-json\/wp\/v2\/tags?post=101672"}],"curies":[{"name":"wp","href":"https:\/\/api.w.org\/{rel}","templated":true}]}}