{"id":101588,"date":"2016-12-08T06:39:54","date_gmt":"2016-12-08T08:39:54","guid":{"rendered":"http:\/\/www.redenoticia.com.br\/noticia\/?p=101588"},"modified":"2016-12-08T01:41:12","modified_gmt":"2016-12-08T03:41:12","slug":"dieese-registra-reducao-no-custo-de-vida-em-sao-paulo","status":"publish","type":"post","link":"https:\/\/www.redenoticia.com.br\/noticia\/2016\/dieese-registra-reducao-no-custo-de-vida-em-sao-paulo\/101588","title":{"rendered":"Dieese registra redu\u00e7\u00e3o no custo de vida em S\u00e3o Paulo"},"content":{"rendered":"<p> O <strong><em>\u00cdndice do Custo de Vida<\/em><\/strong> (ICV) caiu 0,28% na cidade de S\u00e3o Paulo, entre outubro e novembro, uma queda inferior \u00e0 registrada entre setembro e outubro, que foi de 0,37%, segundo o Departamento Intersindical de Estat\u00edstica e Estudos Socioecon\u00f4micos (Dieese). No acumulado do ano, o \u00edndice atingiu 6,03% e, nos \u00faltimos 12 meses, de 6,84%.<\/p>\n<p>Esse resultado foi influenciado principalmente pelo grupo alimenta\u00e7\u00e3o, com recuo de 0,12% ante alta de 0,42% no \u00faltimo levantamento. Entre os \u00edtens que mais contribu\u00edram para a queda est\u00e3o os produtos in natura e semielaborados (-0,21%) e os da ind\u00fastria aliment\u00edcia (-0,29%). Entre os destaques est\u00e3o os ovos que ficaram 2,67% mais em conta; o feij\u00e3o carioquinha (-17,10%); os legumes (-8,54%) e o leite in natura (-1,64%). J\u00e1 as carnes subiram 0,66%; as frutas, em 5,48%; as hortali\u00e7as, 0,21% e ra\u00edzes e tub\u00e9rculos, 0,72%.<\/p>\n<p>As maiores altas foram constatadas nos grupos despesas diversas (1,26%); transportes (1,03%); sa\u00fade (0,88%) e habita\u00e7\u00e3o (0,37%). Em equipamento dom\u00e9stico, houve queda de 0,73%; e em despesas pessoais, recuo de 0,76%. No grupo vestu\u00e1rio, a taxa teve varia\u00e7\u00e3o de 0,34%; em educa\u00e7\u00e3o e leitura, de 0,03% e recrea\u00e7\u00e3o, de 0,24%.<\/p>\n<p>Na m\u00e9dia do ICV, foi verificada queda nos tr\u00eas extratos de renda pesquisados. Entre os mais pobres,com renda m\u00e9dia mensal de R$ 377,49, o \u00edndice apresentou alta de 0,1% ante 0,2%. J\u00e1 na classe intermedi\u00e1ria com ganho mensal de R$ 934,17, a taxa apresentou alta de 0,24% ante 0,34% e entre as fam\u00edlias com as melhores condi\u00e7\u00f5es financeiras (m\u00e9dia de R$ 2.792,90), o ICV aumentou em 0,34%, taxa menor do que na \u00faltima pesquisa (0,42%).<\/p>\n<p>Marli Moreira \u2013 Rep\u00f3rter da Ag\u00eancia Brasil<br \/>\nEdi\u00e7\u00e3o: Maria Claudia<br \/>\n08\/12\/2016<\/p>\n","protected":false},"excerpt":{"rendered":"<p>O \u00cdndice do Custo de Vida (ICV) caiu 0,28% na cidade de S\u00e3o Paulo, entre outubro e novembro, uma queda inferior \u00e0 registrada entre setembro e outubro, que foi de 0,37%, segundo o Departamento Intersindical de Estat\u00edstica e Estudos Socioecon\u00f4micos (Dieese). No acumulado do ano, o \u00edndice atingiu 6,03% e, nos \u00faltimos 12 meses, de [&hellip;]<\/p>\n","protected":false},"author":2,"featured_media":57584,"comment_status":"open","ping_status":"closed","sticky":false,"template":"","format":"standard","meta":{"_genesis_hide_title":false,"_genesis_hide_breadcrumbs":false,"_genesis_hide_singular_image":false,"_genesis_hide_footer_widgets":false,"_genesis_custom_body_class":"","_genesis_custom_post_class":"","_genesis_layout":"","_jetpack_memberships_contains_paid_content":false,"footnotes":""},"categories":[22,7],"tags":[],"class_list":{"0":"post-101588","1":"post","2":"type-post","3":"status-publish","4":"format-standard","5":"has-post-thumbnail","7":"category-brasil","8":"category-economia","9":"entry","10":"gs-1","11":"gs-odd","12":"gs-even","13":"gs-featured-content-entry"},"jetpack_featured_media_url":"https:\/\/www.redenoticia.com.br\/noticia\/imagens\/economia-grafica-analise-inflacao.jpg","jetpack_sharing_enabled":true,"jetpack_likes_enabled":true,"_links":{"self":[{"href":"https:\/\/www.redenoticia.com.br\/noticia\/wp-json\/wp\/v2\/posts\/101588","targetHints":{"allow":["GET"]}}],"collection":[{"href":"https:\/\/www.redenoticia.com.br\/noticia\/wp-json\/wp\/v2\/posts"}],"about":[{"href":"https:\/\/www.redenoticia.com.br\/noticia\/wp-json\/wp\/v2\/types\/post"}],"author":[{"embeddable":true,"href":"https:\/\/www.redenoticia.com.br\/noticia\/wp-json\/wp\/v2\/users\/2"}],"replies":[{"embeddable":true,"href":"https:\/\/www.redenoticia.com.br\/noticia\/wp-json\/wp\/v2\/comments?post=101588"}],"version-history":[{"count":0,"href":"https:\/\/www.redenoticia.com.br\/noticia\/wp-json\/wp\/v2\/posts\/101588\/revisions"}],"wp:featuredmedia":[{"embeddable":true,"href":"https:\/\/www.redenoticia.com.br\/noticia\/wp-json\/wp\/v2\/media\/57584"}],"wp:attachment":[{"href":"https:\/\/www.redenoticia.com.br\/noticia\/wp-json\/wp\/v2\/media?parent=101588"}],"wp:term":[{"taxonomy":"category","embeddable":true,"href":"https:\/\/www.redenoticia.com.br\/noticia\/wp-json\/wp\/v2\/categories?post=101588"},{"taxonomy":"post_tag","embeddable":true,"href":"https:\/\/www.redenoticia.com.br\/noticia\/wp-json\/wp\/v2\/tags?post=101588"}],"curies":[{"name":"wp","href":"https:\/\/api.w.org\/{rel}","templated":true}]}}