{"id":101468,"date":"2016-12-07T06:28:50","date_gmt":"2016-12-07T08:28:50","guid":{"rendered":"http:\/\/www.redenoticia.com.br\/noticia\/?p=101468"},"modified":"2016-12-06T18:29:50","modified_gmt":"2016-12-06T20:29:50","slug":"depositos-em-poupanca-superam-saques-pela-primeira-vez-no-ano","status":"publish","type":"post","link":"https:\/\/www.redenoticia.com.br\/noticia\/2016\/depositos-em-poupanca-superam-saques-pela-primeira-vez-no-ano\/101468","title":{"rendered":"Dep\u00f3sitos em poupan\u00e7a superam saques pela primeira vez no ano"},"content":{"rendered":"<p> Os dep\u00f3sitos em <strong><em>poupan\u00e7a<\/em><\/strong> superaram os saques, em novembro, pela primeira vez este ano. De acordo com dados do Banco Central (BC) a capta\u00e7\u00e3o l\u00edquida (dep\u00f3sitos maiores que retiradas) chegou a R$ 1,881 bilh\u00e3o.<\/p>\n<p> A \u00faltima vez que o BC havia registrado resultado positivo foi em dezembro de 2015 (R$ 4,789 bilh\u00f5es), no \u00fanico m\u00eas daquele ano com registro de capta\u00e7\u00e3o l\u00edquida.<\/p>\n<p>No acumulado de 11 meses deste ano, os saques superam os dep\u00f3sitos em R$ 51,370 bilh\u00f5es.<\/p>\n<p>Os saques da poupan\u00e7a chegaram a R$ 167,892 bilh\u00f5es em novembro, e a R$ 1,799 trilh\u00e3o nos 11 meses deste ano, enquanto os dep\u00f3sitos ficaram em R$ 169,773 bilh\u00f5es e R$ 1,747 trilh\u00e3o, respectivamente.<\/p>\n<p>Os rendimentos creditados nas cadernetas totalizaram R$ 4,038 bilh\u00f5es, no m\u00eas passado. O saldo total nas contas ficou em R$ 650,260 bilh\u00f5es, em novembro.<\/p>\n<p>Kelly Oliveira \u2013 Rep\u00f3rter da Ag\u00eancia Brasil<br \/>\nEdi\u00e7\u00e3o: Lidia Neves<br \/>\n07\/12\/2016<br \/>\n&#8212;<\/p>\n<p>Criada em 2007 para fortalecer o sistema p\u00fablico de comunica\u00e7\u00e3o, a EBC \u00e9 gestora da TV Brasil, TV Brasil Internacional, Ag\u00eancia Brasil, Radioag\u00eancia Nacional e do sistema p\u00fablico de R\u00e1dio, composto por oito emissoras: R\u00e1dio Nacional AM do Rio de Janeiro (1.130 KHz), R\u00e1dio Nacional AM de Bras\u00edlia (980 KHz), Nacional FM de Bras\u00edlia (96,1 MHz), R\u00e1dio MEC AM do Rio de Janeiro (800 KHz), MEC FM do Rio de Janeiro (99,3 MHz), R\u00e1dio Nacional da Amaz\u00f4nia OC (11.780 KHz e 6.180 KHz), R\u00e1dio Nacional AM do Alto Solim\u00f5es (670 KHz) e R\u00e1dio Nacional FM do Alto Solim\u00f5es (96.1 MHz). Por sua independ\u00eancia editorial, os ve\u00edculos p\u00fablicos distinguem-se dos canais estatais ou governamentais. A rede de emissoras produz conte\u00fados diferenciados que a singulariza por espelhar de maneira mais fidedigna a complexidade cultural brasileira, ocupando um espa\u00e7o complementar, n\u00e3o preenchido pelos canais privados.<\/p>\n","protected":false},"excerpt":{"rendered":"<p>Os dep\u00f3sitos em poupan\u00e7a superaram os saques, em novembro, pela primeira vez este ano. De acordo com dados do Banco Central (BC) a capta\u00e7\u00e3o l\u00edquida (dep\u00f3sitos maiores que retiradas) chegou a R$ 1,881 bilh\u00e3o. A \u00faltima vez que o BC havia registrado resultado positivo foi em dezembro de 2015 (R$ 4,789 bilh\u00f5es), no \u00fanico m\u00eas [&hellip;]<\/p>\n","protected":false},"author":2,"featured_media":57583,"comment_status":"open","ping_status":"closed","sticky":false,"template":"","format":"standard","meta":{"_genesis_hide_title":false,"_genesis_hide_breadcrumbs":false,"_genesis_hide_singular_image":false,"_genesis_hide_footer_widgets":false,"_genesis_custom_body_class":"","_genesis_custom_post_class":"","_genesis_layout":"","_jetpack_memberships_contains_paid_content":false,"footnotes":""},"categories":[22,7],"tags":[],"class_list":{"0":"post-101468","1":"post","2":"type-post","3":"status-publish","4":"format-standard","5":"has-post-thumbnail","7":"category-brasil","8":"category-economia","9":"entry","10":"gs-1","11":"gs-odd","12":"gs-even","13":"gs-featured-content-entry"},"jetpack_featured_media_url":"https:\/\/www.redenoticia.com.br\/noticia\/imagens\/economia-grafico.jpg","jetpack_sharing_enabled":true,"jetpack_likes_enabled":true,"_links":{"self":[{"href":"https:\/\/www.redenoticia.com.br\/noticia\/wp-json\/wp\/v2\/posts\/101468","targetHints":{"allow":["GET"]}}],"collection":[{"href":"https:\/\/www.redenoticia.com.br\/noticia\/wp-json\/wp\/v2\/posts"}],"about":[{"href":"https:\/\/www.redenoticia.com.br\/noticia\/wp-json\/wp\/v2\/types\/post"}],"author":[{"embeddable":true,"href":"https:\/\/www.redenoticia.com.br\/noticia\/wp-json\/wp\/v2\/users\/2"}],"replies":[{"embeddable":true,"href":"https:\/\/www.redenoticia.com.br\/noticia\/wp-json\/wp\/v2\/comments?post=101468"}],"version-history":[{"count":0,"href":"https:\/\/www.redenoticia.com.br\/noticia\/wp-json\/wp\/v2\/posts\/101468\/revisions"}],"wp:featuredmedia":[{"embeddable":true,"href":"https:\/\/www.redenoticia.com.br\/noticia\/wp-json\/wp\/v2\/media\/57583"}],"wp:attachment":[{"href":"https:\/\/www.redenoticia.com.br\/noticia\/wp-json\/wp\/v2\/media?parent=101468"}],"wp:term":[{"taxonomy":"category","embeddable":true,"href":"https:\/\/www.redenoticia.com.br\/noticia\/wp-json\/wp\/v2\/categories?post=101468"},{"taxonomy":"post_tag","embeddable":true,"href":"https:\/\/www.redenoticia.com.br\/noticia\/wp-json\/wp\/v2\/tags?post=101468"}],"curies":[{"name":"wp","href":"https:\/\/api.w.org\/{rel}","templated":true}]}}