{"id":101466,"date":"2016-12-07T06:27:40","date_gmt":"2016-12-07T08:27:40","guid":{"rendered":"http:\/\/www.redenoticia.com.br\/noticia\/?p=101466"},"modified":"2016-12-06T18:28:43","modified_gmt":"2016-12-06T20:28:43","slug":"venda-de-veiculos-novos-sobe-12-de-outubro-para-novembro-diz-anfavea","status":"publish","type":"post","link":"https:\/\/www.redenoticia.com.br\/noticia\/2016\/venda-de-veiculos-novos-sobe-12-de-outubro-para-novembro-diz-anfavea\/101466","title":{"rendered":"Venda de ve\u00edculos novos sobe 12% de outubro para novembro, diz Anfavea"},"content":{"rendered":"<p> As <strong><em>vendas de ve\u00edculos novos<\/em><\/strong> subiram 12% em compara\u00e7\u00e3o a outubro, informou h\u00e1 pouco a Associa\u00e7\u00e3o Nacional dos Fabricantes de Ve\u00edculos Automotores (Anfavea). De acordo com o balan\u00e7o da produ\u00e7\u00e3o e vendas das montadoras, no comparativo com novembro de 2015, no entanto, houve queda de 8,7%. Em novembro do ano passado, foram vendidas 195,2 mil unidades, enquanto no mesmo per\u00edodo deste ano o total ficou em 178,2 mil.<\/p>\n<p>No acumulado de janeiro a novembro, 1,846 milh\u00e3o de unidades de ve\u00edculos novos foram vendidas, uma retra\u00e7\u00e3o de 21,2% em rela\u00e7\u00e3o a igual per\u00edodo de 2015. O n\u00famero chega pr\u00f3ximo ao que foi vendido em 2006, quando foram comercializados 1,723 milh\u00e3o de carros. Em dez anos, o pico de vendas ocorreu em 2012 (3,443 milh\u00f5es de unidades).<\/p>\n<p>Produ\u00e7\u00e3o de ve\u00edculos<\/p>\n<p>A produ\u00e7\u00e3o em novembro registrou crescimento de 22,4% em rela\u00e7\u00e3o a outubro. \u201cEste foi o melhor m\u00eas de produ\u00e7\u00e3o desde agosto de 2015\u201d, destacou o presidente da Anfavea, Antonio Megale. \u201cNo acumulado chegamos ao n\u00edvel de 2004, mas vem mostrando crescimento importante no \u00faltimo m\u00eas, em dezembro devemos ter produ\u00e7\u00e3o tamb\u00e9m acima das 200 mil unidades\u201d, afirmou.<\/p>\n<p>Ludmilla Souza &#8211; Rep\u00f3rter da Ag\u00eancia Brasil<br \/>\nEdi\u00e7\u00e3o: Juliana Andrade<br \/>\n07\/12\/2016<br \/>\n&#8212;<\/p>\n<p>Criada em 2007 para fortalecer o sistema p\u00fablico de comunica\u00e7\u00e3o, a EBC \u00e9 gestora da TV Brasil, TV Brasil Internacional, Ag\u00eancia Brasil, Radioag\u00eancia Nacional e do sistema p\u00fablico de R\u00e1dio, composto por oito emissoras: R\u00e1dio Nacional AM do Rio de Janeiro (1.130 KHz), R\u00e1dio Nacional AM de Bras\u00edlia (980 KHz), Nacional FM de Bras\u00edlia (96,1 MHz), R\u00e1dio MEC AM do Rio de Janeiro (800 KHz), MEC FM do Rio de Janeiro (99,3 MHz), R\u00e1dio Nacional da Amaz\u00f4nia OC (11.780 KHz e 6.180 KHz), R\u00e1dio Nacional AM do Alto Solim\u00f5es (670 KHz) e R\u00e1dio Nacional FM do Alto Solim\u00f5es (96.1 MHz). Por sua independ\u00eancia editorial, os ve\u00edculos p\u00fablicos distinguem-se dos canais estatais ou governamentais. A rede de emissoras produz conte\u00fados diferenciados que a singulariza por espelhar de maneira mais fidedigna a complexidade cultural brasileira, ocupando um espa\u00e7o complementar, n\u00e3o preenchido pelos canais privados.<\/p>\n","protected":false},"excerpt":{"rendered":"<p>As vendas de ve\u00edculos novos subiram 12% em compara\u00e7\u00e3o a outubro, informou h\u00e1 pouco a Associa\u00e7\u00e3o Nacional dos Fabricantes de Ve\u00edculos Automotores (Anfavea). De acordo com o balan\u00e7o da produ\u00e7\u00e3o e vendas das montadoras, no comparativo com novembro de 2015, no entanto, houve queda de 8,7%. Em novembro do ano passado, foram vendidas 195,2 mil [&hellip;]<\/p>\n","protected":false},"author":2,"featured_media":57582,"comment_status":"open","ping_status":"closed","sticky":false,"template":"","format":"standard","meta":{"_genesis_hide_title":false,"_genesis_hide_breadcrumbs":false,"_genesis_hide_singular_image":false,"_genesis_hide_footer_widgets":false,"_genesis_custom_body_class":"","_genesis_custom_post_class":"","_genesis_layout":"","_jetpack_memberships_contains_paid_content":false,"footnotes":""},"categories":[22,7],"tags":[],"class_list":{"0":"post-101466","1":"post","2":"type-post","3":"status-publish","4":"format-standard","5":"has-post-thumbnail","7":"category-brasil","8":"category-economia","9":"entry","10":"gs-1","11":"gs-odd","12":"gs-even","13":"gs-featured-content-entry"},"jetpack_featured_media_url":"https:\/\/www.redenoticia.com.br\/noticia\/imagens\/grafico1.jpg","jetpack_sharing_enabled":true,"jetpack_likes_enabled":true,"_links":{"self":[{"href":"https:\/\/www.redenoticia.com.br\/noticia\/wp-json\/wp\/v2\/posts\/101466","targetHints":{"allow":["GET"]}}],"collection":[{"href":"https:\/\/www.redenoticia.com.br\/noticia\/wp-json\/wp\/v2\/posts"}],"about":[{"href":"https:\/\/www.redenoticia.com.br\/noticia\/wp-json\/wp\/v2\/types\/post"}],"author":[{"embeddable":true,"href":"https:\/\/www.redenoticia.com.br\/noticia\/wp-json\/wp\/v2\/users\/2"}],"replies":[{"embeddable":true,"href":"https:\/\/www.redenoticia.com.br\/noticia\/wp-json\/wp\/v2\/comments?post=101466"}],"version-history":[{"count":0,"href":"https:\/\/www.redenoticia.com.br\/noticia\/wp-json\/wp\/v2\/posts\/101466\/revisions"}],"wp:featuredmedia":[{"embeddable":true,"href":"https:\/\/www.redenoticia.com.br\/noticia\/wp-json\/wp\/v2\/media\/57582"}],"wp:attachment":[{"href":"https:\/\/www.redenoticia.com.br\/noticia\/wp-json\/wp\/v2\/media?parent=101466"}],"wp:term":[{"taxonomy":"category","embeddable":true,"href":"https:\/\/www.redenoticia.com.br\/noticia\/wp-json\/wp\/v2\/categories?post=101466"},{"taxonomy":"post_tag","embeddable":true,"href":"https:\/\/www.redenoticia.com.br\/noticia\/wp-json\/wp\/v2\/tags?post=101466"}],"curies":[{"name":"wp","href":"https:\/\/api.w.org\/{rel}","templated":true}]}}