{"id":101464,"date":"2016-12-07T06:25:51","date_gmt":"2016-12-07T08:25:51","guid":{"rendered":"http:\/\/www.redenoticia.com.br\/noticia\/?p=101464"},"modified":"2016-12-06T18:27:32","modified_gmt":"2016-12-06T20:27:32","slug":"taxa-de-juros-do-cheque-especial-tem-leve-alta-e-chega-a-136-ao-mes","status":"publish","type":"post","link":"https:\/\/www.redenoticia.com.br\/noticia\/2016\/taxa-de-juros-do-cheque-especial-tem-leve-alta-e-chega-a-136-ao-mes\/101464","title":{"rendered":"Taxa de juros do cheque especial tem leve alta e chega a 13,6% ao m\u00eas"},"content":{"rendered":"<p> Seis institui\u00e7\u00f5es financeiras pesquisadas pelo Procon-SP mantiveram a taxa do empr\u00e9stimo pessoal e somente uma elevou a do cheque especial. A taxa m\u00e9dia do cheque especial ficou em 13,6% ao m\u00eas (a.m.), superior ao m\u00eas anterior que chegou a 13,56% a.m., representando um aumento de 0,04 ponto percentual. Para empr\u00e9stimo pessoal, a <strong><em>taxa m\u00e9dia dos bancos<\/em><\/strong> pesquisados chegou a 6,51% a.m., igual \u00e0 do m\u00eas anterior.<\/p>\n<p>De acordo com o Procon-SP, a taxa de empr\u00e9stimo pessoal do Banco do Brasil ficou em 5,85%, a do Bradesco em 6,67%, a da Caixa Econ\u00f4mica em 5,7%, a do Ita\u00fa em 6,43%, a do Safra, 5,9% e a do Santander 8,49%. No caso do cheque especial as taxas s\u00e3o de 13,04% no Banco do Brasil, 13,55% no Bradesco, 13,55% na Caixa Econ\u00f4mica Federal, 13,35% no Ita\u00fa, 12,6% no Safra, 15,49% no Santander.<\/p>\n<p>Segundo o Procon-SP, se a contrata\u00e7\u00e3o de cr\u00e9dito for inevit\u00e1vel, o consumidor deve analisar as alternativas e priorizar a liquida\u00e7\u00e3o de suas d\u00edvidas, especialmente nesta \u00e9poca do ano em que as institui\u00e7\u00f5es credoras costumam abrir possibilidades de negocia\u00e7\u00e3o. \u201cE, ainda, que aproveite a chegada do d\u00e9cimo terceiro para organizar o seu or\u00e7amento, quitando as d\u00edvidas e, se poss\u00edvel, reservando uma parte para as despesas de in\u00edcio do ano, como IPTU [Imposto Predial Territorial Urbano], IPVA [Imposto sobre a Propriedade de Ve\u00edculos Automotores], matr\u00edcula escolar, etc.\u201d, diz o Procon-SP.<\/p>\n<p>Fl\u00e1via Albuquerque \u2013 Rep\u00f3rter da Ag\u00eancia Brasil<br \/>\nEdi\u00e7\u00e3o: L\u00edlian Beraldo<br \/>\n07\/12\/2016<\/p>\n","protected":false},"excerpt":{"rendered":"<p>Seis institui\u00e7\u00f5es financeiras pesquisadas pelo Procon-SP mantiveram a taxa do empr\u00e9stimo pessoal e somente uma elevou a do cheque especial. A taxa m\u00e9dia do cheque especial ficou em 13,6% ao m\u00eas (a.m.), superior ao m\u00eas anterior que chegou a 13,56% a.m., representando um aumento de 0,04 ponto percentual. Para empr\u00e9stimo pessoal, a taxa m\u00e9dia dos [&hellip;]<\/p>\n","protected":false},"author":2,"featured_media":38938,"comment_status":"open","ping_status":"closed","sticky":false,"template":"","format":"standard","meta":{"_genesis_hide_title":false,"_genesis_hide_breadcrumbs":false,"_genesis_hide_singular_image":false,"_genesis_hide_footer_widgets":false,"_genesis_custom_body_class":"","_genesis_custom_post_class":"","_genesis_layout":"","_jetpack_memberships_contains_paid_content":false,"footnotes":""},"categories":[22,7],"tags":[],"class_list":{"0":"post-101464","1":"post","2":"type-post","3":"status-publish","4":"format-standard","5":"has-post-thumbnail","7":"category-brasil","8":"category-economia","9":"entry","10":"gs-1","11":"gs-odd","12":"gs-even","13":"gs-featured-content-entry"},"jetpack_featured_media_url":"https:\/\/www.redenoticia.com.br\/noticia\/imagens\/economia1.jpg","jetpack_sharing_enabled":true,"jetpack_likes_enabled":true,"_links":{"self":[{"href":"https:\/\/www.redenoticia.com.br\/noticia\/wp-json\/wp\/v2\/posts\/101464","targetHints":{"allow":["GET"]}}],"collection":[{"href":"https:\/\/www.redenoticia.com.br\/noticia\/wp-json\/wp\/v2\/posts"}],"about":[{"href":"https:\/\/www.redenoticia.com.br\/noticia\/wp-json\/wp\/v2\/types\/post"}],"author":[{"embeddable":true,"href":"https:\/\/www.redenoticia.com.br\/noticia\/wp-json\/wp\/v2\/users\/2"}],"replies":[{"embeddable":true,"href":"https:\/\/www.redenoticia.com.br\/noticia\/wp-json\/wp\/v2\/comments?post=101464"}],"version-history":[{"count":0,"href":"https:\/\/www.redenoticia.com.br\/noticia\/wp-json\/wp\/v2\/posts\/101464\/revisions"}],"wp:featuredmedia":[{"embeddable":true,"href":"https:\/\/www.redenoticia.com.br\/noticia\/wp-json\/wp\/v2\/media\/38938"}],"wp:attachment":[{"href":"https:\/\/www.redenoticia.com.br\/noticia\/wp-json\/wp\/v2\/media?parent=101464"}],"wp:term":[{"taxonomy":"category","embeddable":true,"href":"https:\/\/www.redenoticia.com.br\/noticia\/wp-json\/wp\/v2\/categories?post=101464"},{"taxonomy":"post_tag","embeddable":true,"href":"https:\/\/www.redenoticia.com.br\/noticia\/wp-json\/wp\/v2\/tags?post=101464"}],"curies":[{"name":"wp","href":"https:\/\/api.w.org\/{rel}","templated":true}]}}