{"id":101356,"date":"2016-12-06T06:42:49","date_gmt":"2016-12-06T08:42:49","guid":{"rendered":"http:\/\/www.redenoticia.com.br\/noticia\/?p=101356"},"modified":"2016-12-05T19:43:32","modified_gmt":"2016-12-05T21:43:32","slug":"recuperacoes-judiciais-crescem-511-no-acumulado-de-2016","status":"publish","type":"post","link":"https:\/\/www.redenoticia.com.br\/noticia\/2016\/recuperacoes-judiciais-crescem-511-no-acumulado-de-2016\/101356","title":{"rendered":"Recupera\u00e7\u00f5es judiciais crescem 51,1% no acumulado de 2016"},"content":{"rendered":"<p> O n\u00famero de <strong><em>recupera\u00e7\u00f5es judiciais<\/em><\/strong> requeridas de janeiro a novembro de 2016 cresceu 51,1% em compara\u00e7\u00e3o ao mesmo per\u00edodo do ano passado. Foram 1.718 ocorr\u00eancias no ano corrente at\u00e9 novembro ante 1.137 no mesmo per\u00edodo de 2015. As micro e pequenas empresas lideraram os requerimentos, com 1065 pedidos, seguidas pelas m\u00e9dias (420) e grandes empresas (233). Os dados s\u00e3o da Serasa Experian.<\/p>\n<p>Em novembro, no entanto, o n\u00famero de recupera\u00e7\u00f5es judiciais apresentou leve diminui\u00e7\u00e3o, de 3,3%. Foram 118 requerimentos no m\u00eas passado ante 122 em novembro de 2015. \u201cApesar do recuo mensal em novembro, o n\u00famero de recupera\u00e7\u00f5es judiciais continua elevado no pa\u00eds (alta de 51,1% em rela\u00e7\u00e3o ao acumulado de janeiro a novembro do ano passado), reflexo do prolongamento da recess\u00e3o econ\u00f4mica e das dificuldades de acesso ao cr\u00e9dito por parte das empresas\u201d, destacou a Serasa em nota.<\/p>\n<p>Fal\u00eancias<\/p>\n<p>De janeiro a novembro de 2016, tamb\u00e9m houve aumento no n\u00famero de pedidos de fal\u00eancia no pa\u00eds, de 3,9%. Foram 1.718 solicita\u00e7\u00f5es no acumulado de 2016 at\u00e9 novembro ante 1.654, em igual per\u00edodo de 2015. As micro e pequenas empresas lideraram os pedidos, com 914 solicita\u00e7\u00f5es, seguidas das grandes empresas (410) e das m\u00e9dias (394).<\/p>\n<p>No entanto, no acumulado do ano, o n\u00famero de fal\u00eancias decretadas caiu 12,5%. Foram 678 fal\u00eancias decretadas de janeiro a novembro de 2016, ante 775 em igual per\u00edodo de 2015. As micro e pequenas empresas lideraram o n\u00famero de fal\u00eancias decretadas (458) seguidas das m\u00e9dias (155) e das grandes (65).<\/p>\n<p>Bruno Bocchini &#8211; Rep\u00f3rter da Ag\u00eancia Brasil<br \/>\nEdi\u00e7\u00e3o: L\u00edlian Beraldo<br \/>\n06\/12\/2016<\/p>\n","protected":false},"excerpt":{"rendered":"<p>O n\u00famero de recupera\u00e7\u00f5es judiciais requeridas de janeiro a novembro de 2016 cresceu 51,1% em compara\u00e7\u00e3o ao mesmo per\u00edodo do ano passado. Foram 1.718 ocorr\u00eancias no ano corrente at\u00e9 novembro ante 1.137 no mesmo per\u00edodo de 2015. As micro e pequenas empresas lideraram os requerimentos, com 1065 pedidos, seguidas pelas m\u00e9dias (420) e grandes empresas [&hellip;]<\/p>\n","protected":false},"author":2,"featured_media":57583,"comment_status":"open","ping_status":"closed","sticky":false,"template":"","format":"standard","meta":{"_genesis_hide_title":false,"_genesis_hide_breadcrumbs":false,"_genesis_hide_singular_image":false,"_genesis_hide_footer_widgets":false,"_genesis_custom_body_class":"","_genesis_custom_post_class":"","_genesis_layout":"","_jetpack_memberships_contains_paid_content":false,"footnotes":""},"categories":[22,7],"tags":[],"class_list":{"0":"post-101356","1":"post","2":"type-post","3":"status-publish","4":"format-standard","5":"has-post-thumbnail","7":"category-brasil","8":"category-economia","9":"entry","10":"gs-1","11":"gs-odd","12":"gs-even","13":"gs-featured-content-entry"},"jetpack_featured_media_url":"https:\/\/www.redenoticia.com.br\/noticia\/imagens\/economia-grafico.jpg","jetpack_sharing_enabled":true,"jetpack_likes_enabled":true,"_links":{"self":[{"href":"https:\/\/www.redenoticia.com.br\/noticia\/wp-json\/wp\/v2\/posts\/101356","targetHints":{"allow":["GET"]}}],"collection":[{"href":"https:\/\/www.redenoticia.com.br\/noticia\/wp-json\/wp\/v2\/posts"}],"about":[{"href":"https:\/\/www.redenoticia.com.br\/noticia\/wp-json\/wp\/v2\/types\/post"}],"author":[{"embeddable":true,"href":"https:\/\/www.redenoticia.com.br\/noticia\/wp-json\/wp\/v2\/users\/2"}],"replies":[{"embeddable":true,"href":"https:\/\/www.redenoticia.com.br\/noticia\/wp-json\/wp\/v2\/comments?post=101356"}],"version-history":[{"count":0,"href":"https:\/\/www.redenoticia.com.br\/noticia\/wp-json\/wp\/v2\/posts\/101356\/revisions"}],"wp:featuredmedia":[{"embeddable":true,"href":"https:\/\/www.redenoticia.com.br\/noticia\/wp-json\/wp\/v2\/media\/57583"}],"wp:attachment":[{"href":"https:\/\/www.redenoticia.com.br\/noticia\/wp-json\/wp\/v2\/media?parent=101356"}],"wp:term":[{"taxonomy":"category","embeddable":true,"href":"https:\/\/www.redenoticia.com.br\/noticia\/wp-json\/wp\/v2\/categories?post=101356"},{"taxonomy":"post_tag","embeddable":true,"href":"https:\/\/www.redenoticia.com.br\/noticia\/wp-json\/wp\/v2\/tags?post=101356"}],"curies":[{"name":"wp","href":"https:\/\/api.w.org\/{rel}","templated":true}]}}