{"id":101354,"date":"2016-12-06T06:41:13","date_gmt":"2016-12-06T08:41:13","guid":{"rendered":"http:\/\/www.redenoticia.com.br\/noticia\/?p=101354"},"modified":"2016-12-05T19:42:45","modified_gmt":"2016-12-05T21:42:45","slug":"inflacao-para-familias-com-renda-ate-25-salarios-minimos-e-de-705-em-12-meses","status":"publish","type":"post","link":"https:\/\/www.redenoticia.com.br\/noticia\/2016\/inflacao-para-familias-com-renda-ate-25-salarios-minimos-e-de-705-em-12-meses\/101354","title":{"rendered":"Infla\u00e7\u00e3o para fam\u00edlias com renda at\u00e9 2,5 sal\u00e1rios m\u00ednimos \u00e9 de 7,05% em 12 meses"},"content":{"rendered":"<p> O \u00cdndice de Pre\u00e7os ao Consumidor &#8211; Classe 1 (<strong><em>IPC-C1<\/em><\/strong>) -, que mede a infla\u00e7\u00e3o para fam\u00edlias com renda at\u00e9 2,5 sal\u00e1rios m\u00ednimos, ficou em 0,06% em novembro deste ano, taxa inferior a 0,18% de outubro. O indicador acumula taxas de 6,02% no ano e de 7,05% no per\u00edodo de 12 meses, segundo a Funda\u00e7\u00e3o Getulio Vargas (FGV).<\/p>\n<p>O \u00cdndice de Pre\u00e7os ao Consumidor &#8211; Brasil (IPC-BR) -, que mede a infla\u00e7\u00e3o para todas as faixas de renda, ficou em 0,17% em novembro, acima do IPC-C1. Em 12 meses, o IPC-BR atinge 6,76%, portanto, abaixo do IPC-C1.<\/p>\n<p>Cinco das oito classes de despesa componentes do IPC-C1 tiveram queda na taxa na passagem de outubro para novembro. Pelo menos tr\u00eas registraram defla\u00e7\u00e3o (queda de pre\u00e7os).<\/p>\n<p>Pre\u00e7os em queda<\/p>\n<p>Alimenta\u00e7\u00e3o j\u00e1 havia anotado defla\u00e7\u00e3o de 0,21% em outubro e passou a registrar uma queda de pre\u00e7os ainda mais acentuada em novembro: 0,36%.<\/p>\n<p>Vestu\u00e1rio passou de uma infla\u00e7\u00e3o de 0,31% para uma defla\u00e7\u00e3o de 0,36%. Movimento semelhante teve a taxa de despesas diversas, que passou de uma infla\u00e7\u00e3o de 0,02% para uma defla\u00e7\u00e3o de 0,34%. As taxas de infla\u00e7\u00e3o de duas classes de despesa recuaram: habita\u00e7\u00e3o (de 0,49% para 0,39%) e comunica\u00e7\u00e3o (de 0,76% para 0,1%)<\/p>\n<p>Por outro lado, tr\u00eas classes de despesa tiveram aumento da taxa entre outubro e novembro: transportes (de 0,18% para 0,35%), educa\u00e7\u00e3o, leitura e recrea\u00e7\u00e3o (de 0,28% para 0,56%) e sa\u00fade e cuidados pessoais (de 0,36% para 0,37%).<\/p>\n<p>Vitor Abdala \u2013 Rep\u00f3rter da Ag\u00eancia Brasil<br \/>\nEdi\u00e7\u00e3o: Kleber Sampaio<br \/>\n06\/12\/2016<\/p>\n","protected":false},"excerpt":{"rendered":"<p>O \u00cdndice de Pre\u00e7os ao Consumidor &#8211; Classe 1 (IPC-C1) -, que mede a infla\u00e7\u00e3o para fam\u00edlias com renda at\u00e9 2,5 sal\u00e1rios m\u00ednimos, ficou em 0,06% em novembro deste ano, taxa inferior a 0,18% de outubro. O indicador acumula taxas de 6,02% no ano e de 7,05% no per\u00edodo de 12 meses, segundo a Funda\u00e7\u00e3o [&hellip;]<\/p>\n","protected":false},"author":2,"featured_media":34916,"comment_status":"open","ping_status":"closed","sticky":false,"template":"","format":"standard","meta":{"_genesis_hide_title":false,"_genesis_hide_breadcrumbs":false,"_genesis_hide_singular_image":false,"_genesis_hide_footer_widgets":false,"_genesis_custom_body_class":"","_genesis_custom_post_class":"","_genesis_layout":"","_jetpack_memberships_contains_paid_content":false,"footnotes":""},"categories":[22,7],"tags":[],"class_list":{"0":"post-101354","1":"post","2":"type-post","3":"status-publish","4":"format-standard","5":"has-post-thumbnail","7":"category-brasil","8":"category-economia","9":"entry","10":"gs-1","11":"gs-odd","12":"gs-even","13":"gs-featured-content-entry"},"jetpack_featured_media_url":"https:\/\/www.redenoticia.com.br\/noticia\/imagens\/inflacao.jpg","jetpack_sharing_enabled":true,"jetpack_likes_enabled":true,"_links":{"self":[{"href":"https:\/\/www.redenoticia.com.br\/noticia\/wp-json\/wp\/v2\/posts\/101354","targetHints":{"allow":["GET"]}}],"collection":[{"href":"https:\/\/www.redenoticia.com.br\/noticia\/wp-json\/wp\/v2\/posts"}],"about":[{"href":"https:\/\/www.redenoticia.com.br\/noticia\/wp-json\/wp\/v2\/types\/post"}],"author":[{"embeddable":true,"href":"https:\/\/www.redenoticia.com.br\/noticia\/wp-json\/wp\/v2\/users\/2"}],"replies":[{"embeddable":true,"href":"https:\/\/www.redenoticia.com.br\/noticia\/wp-json\/wp\/v2\/comments?post=101354"}],"version-history":[{"count":0,"href":"https:\/\/www.redenoticia.com.br\/noticia\/wp-json\/wp\/v2\/posts\/101354\/revisions"}],"wp:featuredmedia":[{"embeddable":true,"href":"https:\/\/www.redenoticia.com.br\/noticia\/wp-json\/wp\/v2\/media\/34916"}],"wp:attachment":[{"href":"https:\/\/www.redenoticia.com.br\/noticia\/wp-json\/wp\/v2\/media?parent=101354"}],"wp:term":[{"taxonomy":"category","embeddable":true,"href":"https:\/\/www.redenoticia.com.br\/noticia\/wp-json\/wp\/v2\/categories?post=101354"},{"taxonomy":"post_tag","embeddable":true,"href":"https:\/\/www.redenoticia.com.br\/noticia\/wp-json\/wp\/v2\/tags?post=101354"}],"curies":[{"name":"wp","href":"https:\/\/api.w.org\/{rel}","templated":true}]}}