{"id":101352,"date":"2016-12-06T06:39:30","date_gmt":"2016-12-06T08:39:30","guid":{"rendered":"http:\/\/www.redenoticia.com.br\/noticia\/?p=101352"},"modified":"2016-12-05T19:41:08","modified_gmt":"2016-12-05T21:41:08","slug":"projecao-para-inflacao-cai-para-669-piora-estimativa-para-o-pib","status":"publish","type":"post","link":"https:\/\/www.redenoticia.com.br\/noticia\/2016\/projecao-para-inflacao-cai-para-669-piora-estimativa-para-o-pib\/101352","title":{"rendered":"Proje\u00e7\u00e3o para infla\u00e7\u00e3o cai para 6,69%; piora estimativa para o PIB"},"content":{"rendered":"<p> O mercado financeiro, consultado pelo Banco Central (BC), reduziu a proje\u00e7\u00e3o de <strong><em>infla\u00e7\u00e3o<\/em><\/strong> para este ano pela quarta vez seguida. A estimativa de infla\u00e7\u00e3o, medida pelo \u00cdndice Nacional de Pre\u00e7os ao Consumidor Amplo (IPCA), caiu de 6,72% para 6,69%.<\/p>\n<p>Para 2017, a taxa foi mantida em 4,9% h\u00e1 tr\u00eas semanas. As estimativas fazem parte de pesquisa Boletim Focus feita pelo BC ao mercado financeiro sobre os principais indicadores econ\u00f4micos. As proje\u00e7\u00f5es ultrapassam o centro da meta, que \u00e9 de 4,5%. O teto da meta \u00e9 6,5% este ano, e 6% em 2017. O boletim \u00e9 divulgado \u00e0s segundas-feiras, em Bras\u00edlia.<\/p>\n<p>Recess\u00e3o<\/p>\n<p>A proje\u00e7\u00e3o de institui\u00e7\u00f5es financeiras para a queda da economia (Produto Interno Bruto \u2013 PIB \u2013 a soma de todas as riquezas produzidas pelo pa\u00eds) este ano, piorou ao passar de 3,49% para 3,43%. Para 2017, a expectativa de crescimento foi alterada de 0,98% para 0,80%, na s\u00e9tima redu\u00e7\u00e3o consecutiva.<\/p>\n<p>A proje\u00e7\u00e3o para a taxa b\u00e1sica de juros, a Selic, para o final de 2017 caiu de 10,75% para 10,50% ao ano. Na \u00faltima semana, a Selic foi reduzida em 0,25 ponto percentual para 13,75% ao ano.<\/p>\n<p>A taxa \u00e9 usada nas negocia\u00e7\u00f5es de t\u00edtulos p\u00fablicos no Sistema Especial de Liquida\u00e7\u00e3o e Cust\u00f3dia (Selic) e serve como refer\u00eancia para as demais taxas de juros da economia.<\/p>\n<p>Ao reajust\u00e1-la para cima, o BC cont\u00e9m o excesso de demanda que pressiona os pre\u00e7os, porque os juros mais altos encarecem o cr\u00e9dito e estimulam a poupan\u00e7a. Quando reduz os juros b\u00e1sicos, o Copom reduz o cr\u00e9dito e incentiva a produ\u00e7\u00e3o e o consumo, mas alivia o controle sobre a infla\u00e7\u00e3o.<\/p>\n<p>Edi\u00e7\u00e3o: Kleber Sampaio<br \/>\n06\/12\/2016<\/p>\n","protected":false},"excerpt":{"rendered":"<p>O mercado financeiro, consultado pelo Banco Central (BC), reduziu a proje\u00e7\u00e3o de infla\u00e7\u00e3o para este ano pela quarta vez seguida. A estimativa de infla\u00e7\u00e3o, medida pelo \u00cdndice Nacional de Pre\u00e7os ao Consumidor Amplo (IPCA), caiu de 6,72% para 6,69%. Para 2017, a taxa foi mantida em 4,9% h\u00e1 tr\u00eas semanas. As estimativas fazem parte de [&hellip;]<\/p>\n","protected":false},"author":2,"featured_media":57584,"comment_status":"open","ping_status":"closed","sticky":false,"template":"","format":"standard","meta":{"_genesis_hide_title":false,"_genesis_hide_breadcrumbs":false,"_genesis_hide_singular_image":false,"_genesis_hide_footer_widgets":false,"_genesis_custom_body_class":"","_genesis_custom_post_class":"","_genesis_layout":"","_jetpack_memberships_contains_paid_content":false,"footnotes":""},"categories":[22,7],"tags":[],"class_list":{"0":"post-101352","1":"post","2":"type-post","3":"status-publish","4":"format-standard","5":"has-post-thumbnail","7":"category-brasil","8":"category-economia","9":"entry","10":"gs-1","11":"gs-odd","12":"gs-even","13":"gs-featured-content-entry"},"jetpack_featured_media_url":"https:\/\/www.redenoticia.com.br\/noticia\/imagens\/economia-grafica-analise-inflacao.jpg","jetpack_sharing_enabled":true,"jetpack_likes_enabled":true,"_links":{"self":[{"href":"https:\/\/www.redenoticia.com.br\/noticia\/wp-json\/wp\/v2\/posts\/101352","targetHints":{"allow":["GET"]}}],"collection":[{"href":"https:\/\/www.redenoticia.com.br\/noticia\/wp-json\/wp\/v2\/posts"}],"about":[{"href":"https:\/\/www.redenoticia.com.br\/noticia\/wp-json\/wp\/v2\/types\/post"}],"author":[{"embeddable":true,"href":"https:\/\/www.redenoticia.com.br\/noticia\/wp-json\/wp\/v2\/users\/2"}],"replies":[{"embeddable":true,"href":"https:\/\/www.redenoticia.com.br\/noticia\/wp-json\/wp\/v2\/comments?post=101352"}],"version-history":[{"count":0,"href":"https:\/\/www.redenoticia.com.br\/noticia\/wp-json\/wp\/v2\/posts\/101352\/revisions"}],"wp:featuredmedia":[{"embeddable":true,"href":"https:\/\/www.redenoticia.com.br\/noticia\/wp-json\/wp\/v2\/media\/57584"}],"wp:attachment":[{"href":"https:\/\/www.redenoticia.com.br\/noticia\/wp-json\/wp\/v2\/media?parent=101352"}],"wp:term":[{"taxonomy":"category","embeddable":true,"href":"https:\/\/www.redenoticia.com.br\/noticia\/wp-json\/wp\/v2\/categories?post=101352"},{"taxonomy":"post_tag","embeddable":true,"href":"https:\/\/www.redenoticia.com.br\/noticia\/wp-json\/wp\/v2\/tags?post=101352"}],"curies":[{"name":"wp","href":"https:\/\/api.w.org\/{rel}","templated":true}]}}