{"id":101350,"date":"2016-12-06T06:38:22","date_gmt":"2016-12-06T08:38:22","guid":{"rendered":"http:\/\/www.redenoticia.com.br\/noticia\/?p=101350"},"modified":"2016-12-05T19:39:27","modified_gmt":"2016-12-05T21:39:27","slug":"procon-sp-traz-cinco-dicas-para-comecar-o-ano-sem-divida","status":"publish","type":"post","link":"https:\/\/www.redenoticia.com.br\/noticia\/2016\/procon-sp-traz-cinco-dicas-para-comecar-o-ano-sem-divida\/101350","title":{"rendered":"Procon-SP traz cinco dicas para come\u00e7ar o ano sem d\u00edvida"},"content":{"rendered":"<p> Com a chegada de um novo ano todos querem economizar e come\u00e7ar 2017 sem d\u00edvidas. Por isso, o <strong><em>Procon-SP<\/em><\/strong> apresenta cinco dicas para come\u00e7ar bem o ano. <\/p>\n<p>1-Organiza\u00e7\u00e3o<br \/>\nQuem est\u00e1 endividado precisa fazer um levantamento completo dos gastos para saber a extens\u00e3o do problema. Liste detalhadamente todas as d\u00edvidas: para quem deve, quanto deve, quanto tempo. Depois quais os cr\u00e9ditos como sal\u00e1rio, rendimentos extras, colabora\u00e7\u00e3o de familiares e aplica\u00e7\u00f5es. Para finalizar veja quais s\u00e3o as despesas cotidianas como transporte, alimenta\u00e7\u00e3o, contas de consumo, impostos e outros gastos.<\/p>\n<p>Tamb\u00e9m n\u00e3o se esque\u00e7a das contas de in\u00edcio de ano, como IPVA, IPTU, material e uniforme escolar, entre outras.<\/p>\n<p>2- Controle<br \/>\nCom a chegada do final do ano vem tamb\u00e9m as ofertas e facilidades no pagamento. A tenta\u00e7\u00e3o \u00e9 grande mas para quem est\u00e1 endividado \u00e9 importante resistir para n\u00e3o comprometer ainda mais o or\u00e7amento.<\/p>\n<p>3-Educar<br \/>\n\u00c9 importante elaborar um plano para controlar todas as despesas. Se for o caso, envolva toda a fam\u00edlia. Al\u00e9m disso, acompanhe diariamente seu saldo banc\u00e1rio e despesas pagas no cart\u00e3o de cr\u00e9dito.<\/p>\n<p>Em todas as a\u00e7\u00f5es, procure sempre uma oportunidade de economizar, mesmo em h\u00e1bitos di\u00e1rios como utiliza\u00e7\u00e3o de energia el\u00e9trica, telefone, uso do carro, entre outros.<\/p>\n<p>4-Quita\u00e7\u00e3o da d\u00edvida<br \/>\nTente negociar as d\u00edvidas diretamente com os credores ou se informe sobre a exist\u00eancias de feir\u00f5es de concilia\u00e7\u00e3o. Se houver algum dinheiro aplicado, avalie a possibilidade de utilizar para quita\u00e7\u00e3o das d\u00edvidas.<\/p>\n<p>O 13\u00ba sal\u00e1rio tamb\u00e9m pode ser usado para pagar ou amortizar d\u00edvidas.<\/p>\n<p>D\u00ea prioridade \u00e0s d\u00edvidas com juros mais altos como cart\u00e3o de cr\u00e9dito e cheque especial.<\/p>\n<p>5-Regulariza\u00e7\u00e3o<br \/>\nAo firmar um acordo de renegocia\u00e7\u00e3o ou obter a quita\u00e7\u00e3o de uma d\u00edvida, mantenha tudo bem documentado e providencie a regulariza\u00e7\u00e3o da situa\u00e7\u00e3o perante os cadastros de inadimplentes.<\/p>\n<p>Do Portal do Governo do Estado SP<\/p>\n","protected":false},"excerpt":{"rendered":"<p>Com a chegada de um novo ano todos querem economizar e come\u00e7ar 2017 sem d\u00edvidas. Por isso, o Procon-SP apresenta cinco dicas para come\u00e7ar bem o ano. 1-Organiza\u00e7\u00e3o Quem est\u00e1 endividado precisa fazer um levantamento completo dos gastos para saber a extens\u00e3o do problema. Liste detalhadamente todas as d\u00edvidas: para quem deve, quanto deve, quanto [&hellip;]<\/p>\n","protected":false},"author":2,"featured_media":40734,"comment_status":"open","ping_status":"closed","sticky":false,"template":"","format":"standard","meta":{"_genesis_hide_title":false,"_genesis_hide_breadcrumbs":false,"_genesis_hide_singular_image":false,"_genesis_hide_footer_widgets":false,"_genesis_custom_body_class":"","_genesis_custom_post_class":"","_genesis_layout":"","_jetpack_memberships_contains_paid_content":false,"footnotes":""},"categories":[22,7],"tags":[],"class_list":{"0":"post-101350","1":"post","2":"type-post","3":"status-publish","4":"format-standard","5":"has-post-thumbnail","7":"category-brasil","8":"category-economia","9":"entry","10":"gs-1","11":"gs-odd","12":"gs-even","13":"gs-featured-content-entry"},"jetpack_featured_media_url":"https:\/\/www.redenoticia.com.br\/noticia\/imagens\/economia-resultados.jpg","jetpack_sharing_enabled":true,"jetpack_likes_enabled":true,"_links":{"self":[{"href":"https:\/\/www.redenoticia.com.br\/noticia\/wp-json\/wp\/v2\/posts\/101350","targetHints":{"allow":["GET"]}}],"collection":[{"href":"https:\/\/www.redenoticia.com.br\/noticia\/wp-json\/wp\/v2\/posts"}],"about":[{"href":"https:\/\/www.redenoticia.com.br\/noticia\/wp-json\/wp\/v2\/types\/post"}],"author":[{"embeddable":true,"href":"https:\/\/www.redenoticia.com.br\/noticia\/wp-json\/wp\/v2\/users\/2"}],"replies":[{"embeddable":true,"href":"https:\/\/www.redenoticia.com.br\/noticia\/wp-json\/wp\/v2\/comments?post=101350"}],"version-history":[{"count":0,"href":"https:\/\/www.redenoticia.com.br\/noticia\/wp-json\/wp\/v2\/posts\/101350\/revisions"}],"wp:featuredmedia":[{"embeddable":true,"href":"https:\/\/www.redenoticia.com.br\/noticia\/wp-json\/wp\/v2\/media\/40734"}],"wp:attachment":[{"href":"https:\/\/www.redenoticia.com.br\/noticia\/wp-json\/wp\/v2\/media?parent=101350"}],"wp:term":[{"taxonomy":"category","embeddable":true,"href":"https:\/\/www.redenoticia.com.br\/noticia\/wp-json\/wp\/v2\/categories?post=101350"},{"taxonomy":"post_tag","embeddable":true,"href":"https:\/\/www.redenoticia.com.br\/noticia\/wp-json\/wp\/v2\/tags?post=101350"}],"curies":[{"name":"wp","href":"https:\/\/api.w.org\/{rel}","templated":true}]}}