{"id":101258,"date":"2016-12-05T06:28:36","date_gmt":"2016-12-05T08:28:36","guid":{"rendered":"http:\/\/www.redenoticia.com.br\/noticia\/?p=101258"},"modified":"2016-12-04T16:29:41","modified_gmt":"2016-12-04T18:29:41","slug":"construcao-civil-fecha-441-mil-vagas-em-12-meses-no-pais-diz-sinduscon-sp","status":"publish","type":"post","link":"https:\/\/www.redenoticia.com.br\/noticia\/2016\/construcao-civil-fecha-441-mil-vagas-em-12-meses-no-pais-diz-sinduscon-sp\/101258","title":{"rendered":"Constru\u00e7\u00e3o civil fecha 441 mil vagas em 12 meses no pa\u00eds, diz Sinduscon-SP"},"content":{"rendered":"<p> O setor da constru\u00e7\u00e3o civil fechou 441 mil vagas de <em><strong>emprego<\/strong><\/em> formais entre outubro de 2015 e outubro deste ano, uma queda de 14,66%, segundo levantamento do Sindicato da Constru\u00e7\u00e3o de S\u00e3o Paulo (Sinduscon-SP). Ainda de acordo com a pesquisa o ramo emprega agora cerca de 2,64 milh\u00f5es de pessoas, contra 3,08 milh\u00f5es h\u00e1 um ano.<\/p>\n<p>As maiores quedas foram registradas em Rond\u00f4nia (40,5%), no Par\u00e1 (25,9%) e no Piau\u00ed (21,4%). Em S\u00e3o Paulo foram fechados 11,3% dos postos de trabalho na ind\u00fastria da constru\u00e7\u00e3o no per\u00edodo de 12 meses.<\/p>\n<p>A redu\u00e7\u00e3o do n\u00edvel de emprego reflete a retra\u00e7\u00e3o enfrentada pelo setor nos \u00faltimos dois anos. O Indicador de Atividade das Empresas da Constru\u00e7\u00e3o Civil, elaborado em parceria com a Funda\u00e7\u00e3o Getulio Vargas (FGV), acumula queda de 19,3% de janeiro a setembro deste ano. O \u00edndice, que leva em considera\u00e7\u00e3o o patamar de emprego e a produ\u00e7\u00e3o da ind\u00fastria, caiu 13,71% em 12 meses ( de setembro de 2015 ao mesmo m\u00eas de 2016).<\/p>\n<p> \u201cA gente chegou ao fundo do po\u00e7o\u201d, disse a economista da FGV, Ana Maria Castelo, para explicar porque em termos relativos o desempenho do setor medido pelo \u00edndice foi, neste ano, um pouco melhor do que no ano passado, quando o indicado ficou mais de 20% negativo. \u201cEm termos relativos o pior j\u00e1 passou\u201d, enfatizou.<\/p>\n<p>Previs\u00f5es<\/p>\n<p>As previs\u00f5es indicam, no entanto, que a ind\u00fastria da constru\u00e7\u00e3o deve continuar a reduzir os contigentes de trabalhadores durante os pr\u00f3ximos meses. Para este ano, a estimativa \u00e9 que a queda no n\u00edvel de emprego fique em 14,5%, o que significa que at\u00e9 dezembro o n\u00famero de pessoas trabalhando no ramo deve ser de 2,43 milh\u00f5es, o mesmo patamar de agosto de 2009. \u201cS\u00e3o n\u00fameros bastante ruins que d\u00e3o a dimens\u00e3o do que est\u00e1 acontecendo na atividade de um setor intensivo em m\u00e3o de obra\u201d, disse Ana Maria ao apresentar os dados.<\/p>\n<p>Para 2017, a previs\u00e3o \u00e9 que o setor continue a cortar postos de trabalho, de acordo com a economista, que estima uma queda de 5,5% no n\u00edvel de emprego no pr\u00f3ximo ano. \u201cEssa queda reflete ainda investimentos que est\u00e3o sendo feitos pelas empresas em produtividade, essa melhor utilizac\u00e3o da m\u00e3o de obra\u201d, explicou a economista.<\/p>\n<p>Para o \u00edndice de de atividade, a expectativa \u00e9 fechar o ano que vem com crescimento de 0,5%. \u201cEstamos muito longe ainda de um processo de recupera\u00e7\u00e3o dessas taxas negativas que fecharam esses tr\u00eas anos\u201d, concluiu Ana Maria.<\/p>\n<p>O presidente do Sinduscon, Jos\u00e9 Romeu Ferraz, acredita que o setor s\u00f3 ir\u00e1 se recuperar se a economia voltar a crescer. \u201cNo mercado imobili\u00e1rio o que acontece, n\u00f3s n\u00e3o temos um cen\u00e1rio de economia mais est\u00e1vel no futuro. Isso faz com que as pessoas n\u00e3o queiram se endividar\u201d, exemplificou sobre os problemas enfrentados pela ind\u00fastria. \u201cTem uma s\u00e9rie de medidas que tem que sair para que a economia seja reativada. Automaticamente todo o nosso setor ser\u00e1 reativado\u201d, acrescentou ao defender a aprova\u00e7\u00e3o do limite de gastos p\u00fablicos e a reforma da previd\u00eancia.<\/p>\n<p>Daniel Mello &#8211; Rep\u00f3rter da Ag\u00eancia Brasil<br \/>\nEdi\u00e7\u00e3o: Amanda Cieglinski<br \/>\n05\/12\/2016<\/p>\n","protected":false},"excerpt":{"rendered":"<p>O setor da constru\u00e7\u00e3o civil fechou 441 mil vagas de emprego formais entre outubro de 2015 e outubro deste ano, uma queda de 14,66%, segundo levantamento do Sindicato da Constru\u00e7\u00e3o de S\u00e3o Paulo (Sinduscon-SP). Ainda de acordo com a pesquisa o ramo emprega agora cerca de 2,64 milh\u00f5es de pessoas, contra 3,08 milh\u00f5es h\u00e1 um [&hellip;]<\/p>\n","protected":false},"author":2,"featured_media":57583,"comment_status":"open","ping_status":"closed","sticky":false,"template":"","format":"standard","meta":{"_genesis_hide_title":false,"_genesis_hide_breadcrumbs":false,"_genesis_hide_singular_image":false,"_genesis_hide_footer_widgets":false,"_genesis_custom_body_class":"","_genesis_custom_post_class":"","_genesis_layout":"","_jetpack_memberships_contains_paid_content":false,"footnotes":""},"categories":[22,7],"tags":[],"class_list":{"0":"post-101258","1":"post","2":"type-post","3":"status-publish","4":"format-standard","5":"has-post-thumbnail","7":"category-brasil","8":"category-economia","9":"entry","10":"gs-1","11":"gs-odd","12":"gs-even","13":"gs-featured-content-entry"},"jetpack_featured_media_url":"https:\/\/www.redenoticia.com.br\/noticia\/imagens\/economia-grafico.jpg","jetpack_sharing_enabled":true,"jetpack_likes_enabled":true,"_links":{"self":[{"href":"https:\/\/www.redenoticia.com.br\/noticia\/wp-json\/wp\/v2\/posts\/101258","targetHints":{"allow":["GET"]}}],"collection":[{"href":"https:\/\/www.redenoticia.com.br\/noticia\/wp-json\/wp\/v2\/posts"}],"about":[{"href":"https:\/\/www.redenoticia.com.br\/noticia\/wp-json\/wp\/v2\/types\/post"}],"author":[{"embeddable":true,"href":"https:\/\/www.redenoticia.com.br\/noticia\/wp-json\/wp\/v2\/users\/2"}],"replies":[{"embeddable":true,"href":"https:\/\/www.redenoticia.com.br\/noticia\/wp-json\/wp\/v2\/comments?post=101258"}],"version-history":[{"count":0,"href":"https:\/\/www.redenoticia.com.br\/noticia\/wp-json\/wp\/v2\/posts\/101258\/revisions"}],"wp:featuredmedia":[{"embeddable":true,"href":"https:\/\/www.redenoticia.com.br\/noticia\/wp-json\/wp\/v2\/media\/57583"}],"wp:attachment":[{"href":"https:\/\/www.redenoticia.com.br\/noticia\/wp-json\/wp\/v2\/media?parent=101258"}],"wp:term":[{"taxonomy":"category","embeddable":true,"href":"https:\/\/www.redenoticia.com.br\/noticia\/wp-json\/wp\/v2\/categories?post=101258"},{"taxonomy":"post_tag","embeddable":true,"href":"https:\/\/www.redenoticia.com.br\/noticia\/wp-json\/wp\/v2\/tags?post=101258"}],"curies":[{"name":"wp","href":"https:\/\/api.w.org\/{rel}","templated":true}]}}