{"id":101256,"date":"2016-12-05T06:27:33","date_gmt":"2016-12-05T08:27:33","guid":{"rendered":"http:\/\/www.redenoticia.com.br\/noticia\/?p=101256"},"modified":"2016-12-04T16:28:31","modified_gmt":"2016-12-04T18:28:31","slug":"pais-registra-superavit-comercial-recorde-de-us-4328-bi-no-acumulado-do-ano","status":"publish","type":"post","link":"https:\/\/www.redenoticia.com.br\/noticia\/2016\/pais-registra-superavit-comercial-recorde-de-us-4328-bi-no-acumulado-do-ano\/101256","title":{"rendered":"Pa\u00eds registra super\u00e1vit comercial recorde de US$ 43,28 bi no acumulado do ano"},"content":{"rendered":"<p> A <em><strong>balan\u00e7a comercial<\/strong><\/em> brasileira acumula super\u00e1vit de US$ 43,282 bilh\u00f5es de janeiro a novembro deste ano. O valor \u00e9 recorde para o per\u00edodo desde o in\u00edcio da s\u00e9rie hist\u00f3rica, em 1989. No m\u00eas, houve super\u00e1vit de US$ 4,758 bilh\u00f5es, valor tamb\u00e9m recorde para novembro.<\/p>\n<p>Os dados foram divulgados pelo Minist\u00e9rio da Ind\u00fastria, Com\u00e9rcio Exterior e Servi\u00e7os. O governo estima que 2016 terminar\u00e1 com saldo positivo da balan\u00e7a entre US$ 45 bilh\u00f5es e US$ 50 bilh\u00f5es. O resultado pode ser recorde hist\u00f3rico anual, caso supere o super\u00e1vit de US$ 46,4 bilh\u00f5es registrado em 2006. Para isso, o saldo positivo em dezembro teria de ficar acima de US$ 3,1 bilh\u00f5es.<\/p>\n<p>A balan\u00e7a comercial tem super\u00e1vit quando as exporta\u00e7\u00f5es, vendas do Brasil para parceiros de neg\u00f3cios no exterior, superam as importa\u00e7\u00f5es, que s\u00e3o as compras do pa\u00eds tamb\u00e9m no exterior.<\/p>\n<p>Exporta\u00e7\u00f5es e importa\u00e7\u00f5es<\/p>\n<p>O saldo positivo de novembro resultou de US$ 16,220 bilh\u00f5es em exporta\u00e7\u00f5es e US$ 11,463 bilh\u00f5es em importa\u00e7\u00f5es. O valor exportado subiu 17,5% em rela\u00e7\u00e3o a novembro de 2015, segundo o crit\u00e9rio da m\u00e9dia di\u00e1ria, que leva em conta o valor negociado por dia \u00fatil. Na compara\u00e7\u00e3o com outubro deste ano, as exporta\u00e7\u00f5es aumentaram 18,2%.<\/p>\n<p>Em rela\u00e7\u00e3o \u00e0s compras do Brasil no exterior, houve queda de 9,1% em rela\u00e7\u00e3o com novembro de 2015. Comparado com outubro deste ano, as importa\u00e7\u00f5es subiram 0,8% segundo a m\u00e9dia di\u00e1ria.<\/p>\n<p>Mariana Branco \u2013 Rep\u00f3rter da Ag\u00eancia Brasil<br \/>\nEdi\u00e7\u00e3o: Juliana Andrade<br \/>\n05\/12\/2016<\/p>\n","protected":false},"excerpt":{"rendered":"<p>A balan\u00e7a comercial brasileira acumula super\u00e1vit de US$ 43,282 bilh\u00f5es de janeiro a novembro deste ano. O valor \u00e9 recorde para o per\u00edodo desde o in\u00edcio da s\u00e9rie hist\u00f3rica, em 1989. No m\u00eas, houve super\u00e1vit de US$ 4,758 bilh\u00f5es, valor tamb\u00e9m recorde para novembro. Os dados foram divulgados pelo Minist\u00e9rio da Ind\u00fastria, Com\u00e9rcio Exterior e [&hellip;]<\/p>\n","protected":false},"author":2,"featured_media":57582,"comment_status":"open","ping_status":"closed","sticky":false,"template":"","format":"standard","meta":{"_genesis_hide_title":false,"_genesis_hide_breadcrumbs":false,"_genesis_hide_singular_image":false,"_genesis_hide_footer_widgets":false,"_genesis_custom_body_class":"","_genesis_custom_post_class":"","_genesis_layout":"","_jetpack_memberships_contains_paid_content":false,"footnotes":""},"categories":[22,7],"tags":[],"class_list":{"0":"post-101256","1":"post","2":"type-post","3":"status-publish","4":"format-standard","5":"has-post-thumbnail","7":"category-brasil","8":"category-economia","9":"entry","10":"gs-1","11":"gs-odd","12":"gs-even","13":"gs-featured-content-entry"},"jetpack_featured_media_url":"https:\/\/www.redenoticia.com.br\/noticia\/imagens\/grafico1.jpg","jetpack_sharing_enabled":true,"jetpack_likes_enabled":true,"_links":{"self":[{"href":"https:\/\/www.redenoticia.com.br\/noticia\/wp-json\/wp\/v2\/posts\/101256","targetHints":{"allow":["GET"]}}],"collection":[{"href":"https:\/\/www.redenoticia.com.br\/noticia\/wp-json\/wp\/v2\/posts"}],"about":[{"href":"https:\/\/www.redenoticia.com.br\/noticia\/wp-json\/wp\/v2\/types\/post"}],"author":[{"embeddable":true,"href":"https:\/\/www.redenoticia.com.br\/noticia\/wp-json\/wp\/v2\/users\/2"}],"replies":[{"embeddable":true,"href":"https:\/\/www.redenoticia.com.br\/noticia\/wp-json\/wp\/v2\/comments?post=101256"}],"version-history":[{"count":0,"href":"https:\/\/www.redenoticia.com.br\/noticia\/wp-json\/wp\/v2\/posts\/101256\/revisions"}],"wp:featuredmedia":[{"embeddable":true,"href":"https:\/\/www.redenoticia.com.br\/noticia\/wp-json\/wp\/v2\/media\/57582"}],"wp:attachment":[{"href":"https:\/\/www.redenoticia.com.br\/noticia\/wp-json\/wp\/v2\/media?parent=101256"}],"wp:term":[{"taxonomy":"category","embeddable":true,"href":"https:\/\/www.redenoticia.com.br\/noticia\/wp-json\/wp\/v2\/categories?post=101256"},{"taxonomy":"post_tag","embeddable":true,"href":"https:\/\/www.redenoticia.com.br\/noticia\/wp-json\/wp\/v2\/tags?post=101256"}],"curies":[{"name":"wp","href":"https:\/\/api.w.org\/{rel}","templated":true}]}}