{"id":101254,"date":"2016-12-05T06:25:30","date_gmt":"2016-12-05T08:25:30","guid":{"rendered":"http:\/\/www.redenoticia.com.br\/noticia\/?p=101254"},"modified":"2016-12-04T16:27:28","modified_gmt":"2016-12-04T18:27:28","slug":"faturamento-da-industria-cai-33-em-outubro-diz-cni","status":"publish","type":"post","link":"https:\/\/www.redenoticia.com.br\/noticia\/2016\/faturamento-da-industria-cai-33-em-outubro-diz-cni\/101254","title":{"rendered":"Faturamento da ind\u00fastria cai 3,3% em outubro, diz CNI"},"content":{"rendered":"<p> O <em><strong>faturamento da ind\u00fastria<\/strong><\/em> caiu 3,3% em outubro frente a setembro, na s\u00e9rie com ajuste sazonal, de acordo com a pesquisa Indicadores Industriais, divulgada pela Confedera\u00e7\u00e3o Nacional da Ind\u00fastria (CNI). Essa foi a quarta redu\u00e7\u00e3o consecutiva do indicador. Na compara\u00e7\u00e3o com outubro de 2015, a diminui\u00e7\u00e3o \u00e9 de 18%.<\/p>\n<p>Todos os indicadores da pesquisa registraram queda em outubro na compara\u00e7\u00e3o com setembro, nas s\u00e9ries de dados com ajuste sazonal. As horas trabalhadas na produ\u00e7\u00e3o ca\u00edram 1,7% e alcan\u00e7aram o menor n\u00edvel da s\u00e9rie hist\u00f3rica, que come\u00e7ou em 2003. De janeiro a outubro, as horas trabalhadas na produ\u00e7\u00e3o acumulam uma redu\u00e7\u00e3o de 8,3% frente ao mesmo per\u00edodo do ano passado.<\/p>\n<p>O emprego recuou 0,6% em outubro ante setembro, na 21\u00aa queda consecutiva do indicador. De janeiro a outubro, o emprego acusa retra\u00e7\u00e3o de 8% em rela\u00e7\u00e3o ao mesmo per\u00edodo de 2015.<\/p>\n<p>Massa salarial cai 1,4% em outubro<\/p>\n<p>A pesquisa mostra ainda que a massa salarial real caiu 1,4% em outubro na compara\u00e7\u00e3o com setembro. No acumulado de janeiro a outubro, a massa real de sal\u00e1rios \u00e9 8,8% menor do que a de igual per\u00edodo do ano passado. O rendimento m\u00e9dio real dos trabalhadores encolheu 0,9% em outubro em rela\u00e7\u00e3o a setembro. A perda \u00e9 de 0,8% no acumulado de janeiro a outubro frente aos mesmos meses de 2015.<\/p>\n<p>A utiliza\u00e7\u00e3o da capacidade instalada caiu 0,4% e alcan\u00e7ou 76,6% em outubro. \u00c9 o menor n\u00edvel desde 2003, quando come\u00e7ou a s\u00e9rie hist\u00f3rica, informa a CNI.<\/p>\n<p>Da Ag\u00eancia Brasil<br \/>\nEdi\u00e7\u00e3o: Kleber Sampaio<br \/>\n05\/12\/2016<\/p>\n","protected":false},"excerpt":{"rendered":"<p>O faturamento da ind\u00fastria caiu 3,3% em outubro frente a setembro, na s\u00e9rie com ajuste sazonal, de acordo com a pesquisa Indicadores Industriais, divulgada pela Confedera\u00e7\u00e3o Nacional da Ind\u00fastria (CNI). Essa foi a quarta redu\u00e7\u00e3o consecutiva do indicador. Na compara\u00e7\u00e3o com outubro de 2015, a diminui\u00e7\u00e3o \u00e9 de 18%. Todos os indicadores da pesquisa registraram [&hellip;]<\/p>\n","protected":false},"author":2,"featured_media":38938,"comment_status":"open","ping_status":"closed","sticky":false,"template":"","format":"standard","meta":{"_genesis_hide_title":false,"_genesis_hide_breadcrumbs":false,"_genesis_hide_singular_image":false,"_genesis_hide_footer_widgets":false,"_genesis_custom_body_class":"","_genesis_custom_post_class":"","_genesis_layout":"","_jetpack_memberships_contains_paid_content":false,"footnotes":""},"categories":[22,7],"tags":[],"class_list":{"0":"post-101254","1":"post","2":"type-post","3":"status-publish","4":"format-standard","5":"has-post-thumbnail","7":"category-brasil","8":"category-economia","9":"entry","10":"gs-1","11":"gs-odd","12":"gs-even","13":"gs-featured-content-entry"},"jetpack_featured_media_url":"https:\/\/www.redenoticia.com.br\/noticia\/imagens\/economia1.jpg","jetpack_sharing_enabled":true,"jetpack_likes_enabled":true,"_links":{"self":[{"href":"https:\/\/www.redenoticia.com.br\/noticia\/wp-json\/wp\/v2\/posts\/101254","targetHints":{"allow":["GET"]}}],"collection":[{"href":"https:\/\/www.redenoticia.com.br\/noticia\/wp-json\/wp\/v2\/posts"}],"about":[{"href":"https:\/\/www.redenoticia.com.br\/noticia\/wp-json\/wp\/v2\/types\/post"}],"author":[{"embeddable":true,"href":"https:\/\/www.redenoticia.com.br\/noticia\/wp-json\/wp\/v2\/users\/2"}],"replies":[{"embeddable":true,"href":"https:\/\/www.redenoticia.com.br\/noticia\/wp-json\/wp\/v2\/comments?post=101254"}],"version-history":[{"count":0,"href":"https:\/\/www.redenoticia.com.br\/noticia\/wp-json\/wp\/v2\/posts\/101254\/revisions"}],"wp:featuredmedia":[{"embeddable":true,"href":"https:\/\/www.redenoticia.com.br\/noticia\/wp-json\/wp\/v2\/media\/38938"}],"wp:attachment":[{"href":"https:\/\/www.redenoticia.com.br\/noticia\/wp-json\/wp\/v2\/media?parent=101254"}],"wp:term":[{"taxonomy":"category","embeddable":true,"href":"https:\/\/www.redenoticia.com.br\/noticia\/wp-json\/wp\/v2\/categories?post=101254"},{"taxonomy":"post_tag","embeddable":true,"href":"https:\/\/www.redenoticia.com.br\/noticia\/wp-json\/wp\/v2\/tags?post=101254"}],"curies":[{"name":"wp","href":"https:\/\/api.w.org\/{rel}","templated":true}]}}