{"id":101123,"date":"2016-12-02T06:10:56","date_gmt":"2016-12-02T08:10:56","guid":{"rendered":"http:\/\/www.redenoticia.com.br\/noticia\/?p=101123"},"modified":"2016-12-02T04:46:47","modified_gmt":"2016-12-02T06:46:47","slug":"setor-de-maquinas-e-equipamentos-tem-queda-de-26-de-janeiro-a-outubro","status":"publish","type":"post","link":"https:\/\/www.redenoticia.com.br\/noticia\/2016\/setor-de-maquinas-e-equipamentos-tem-queda-de-26-de-janeiro-a-outubro\/101123","title":{"rendered":"Setor de m\u00e1quinas e equipamentos tem queda de 26% de janeiro a outubro"},"content":{"rendered":"<p> A receita l\u00edquida total da Associa\u00e7\u00e3o Brasileira da Ind\u00fastria de M\u00e1quinas e Equipamentos (<strong><em>Abimaq<\/em><\/strong>) teve queda de 14,8% em outubro, em rela\u00e7\u00e3o ao m\u00eas anterior. Na compara\u00e7\u00e3o com outubro do ano passado, a queda foi 22%. De janeiro a outubro, a queda foi 26% ante o mesmo per\u00edodo do ano passado.<\/p>\n<p>Houve queda tamb\u00e9m na receita do consumo aparente (resultado da soma da produ\u00e7\u00e3o com as importa\u00e7\u00f5es, menos as exporta\u00e7\u00f5es), de 6,2%, na compara\u00e7\u00e3o com setembro e queda de 33,9% em rela\u00e7\u00e3o a outubro de 2015. No acumulado do ano, a queda foi 26,4%, na compara\u00e7\u00e3o com o ano passado.<\/p>\n<p>\u201cA esperada retomada dos investimentos no 2\u00ba semestre deste ano foi definitivamente frustrada\u201d, divulgou a Abimaq. \u201cO fraco desempenho reflete a continuidade da recess\u00e3o e o alto n\u00edvel de endividamento das empresas, cen\u00e1rio agravado pela excessiva volatilidade da taxa de c\u00e2mbio e pela manuten\u00e7\u00e3o das taxas de juros em patamares elevados\u201d.<\/p>\n<p>Exporta\u00e7\u00f5es<\/p>\n<p>No m\u00eas de outubro deste ano, as receitas com exporta\u00e7\u00f5es de m\u00e1quinas e equipamentos registraram queda de 1,9%, em compara\u00e7\u00e3o com o m\u00eas anterior. Em rela\u00e7\u00e3o \u00e0s exporta\u00e7\u00f5es feitas no m\u00eas de outubro de 2015, houve alta de 3,9%. No acumulado do ano, o setor apresentou taxa de crescimento, em rela\u00e7\u00e3o a 2015, de 1,3%. Em quantidade, houve queda de 12,8% na margem, e crescimento de 13,4% no ano.<\/p>\n<p>Os principais destinos das exporta\u00e7\u00f5es brasileiras de m\u00e1quinas e equipamentos, segundo a Abimaq, s\u00e3o, pela ordem, Am\u00e9rica Latina, Europa e Estados Unidos. Houve, em 2016, redu\u00e7\u00e3o da participa\u00e7\u00e3o relativa da Am\u00e9rica Latina e forte aumento da China. A participa\u00e7\u00e3o da China passou de 1%, em 2015, para 8%, em 2016.<\/p>\n<p>Importa\u00e7\u00e3o<\/p>\n<p>No m\u00eas de outubro teve crescimento nas entradas de m\u00e1quinas e equipamentos no pa\u00eds. Em rela\u00e7\u00e3o a setembro, o m\u00eas de outubro registrou alta de 11,3% na receita para a importa\u00e7\u00e3o. No entanto, o desempenho das importa\u00e7\u00f5es mant\u00e9m a tend\u00eancia de queda observada deste o in\u00edcio de 2014, interrompido apenas pelo evento at\u00edpico dos meses de junho e julho, referente a equipamentos vindos da Coreia do Sul para o setor de siderurgia, segundo a Abimaq. No acumulado do ano, a queda acumulada de importa\u00e7\u00f5es atingiu 18,9% e, em rela\u00e7\u00e3o a outubro do ano passado, a queda foi de 23,6%.<\/p>\n<p>Sobre as origens das importa\u00e7\u00f5es, os Estados Unidos seguem na primeira posi\u00e7\u00e3o, com participa\u00e7\u00e3o de 17,7% no total importado em receita de m\u00e1quinas pelo pa\u00eds, seguidos pela China, Alemanha e Coreia do Sul.<\/p>\n<p>A Abimaq registrou maior d\u00e9ficit da balan\u00e7a comercial do setor, com US$ 512,3 milh\u00f5es em outubro deste ano, resultado 32,2% maior do que setembro deste ano. No entanto, o d\u00e9ficit \u00e9 41,8% menor ao registrado em outubro de 2015. No acumulado do ano de 2016, o d\u00e9ficit foi US$ 6,74 bilh\u00f5es, valor 32% menor do que o registrado no mesmo per\u00edodo de 2015.<\/p>\n<p>Empregos<\/p>\n<p>O n\u00famero de pessoas ocupadas na ind\u00fastria de m\u00e1quinas e equipamentos ficou em 303,5 mil em outubro deste ano, o que significa alta de 0,4% (mais 1,2 mil empregos) na compara\u00e7\u00e3o com o m\u00eas anterior. O n\u00famero, no entanto, \u00e9 5,4% menor (menos 17,4 mil empregos) do que o registrado em outubro do ano passado. Em rela\u00e7\u00e3o ao pico de empregos, que ocorreu em maio de 2013, a redu\u00e7\u00e3o atingiu 76,8 mil postos de trabalho.<\/p>\n<p>Camila Boehm \u2013 Rep\u00f3rter da Ag\u00eancia Brasil<br \/>\nEdi\u00e7\u00e3o: F\u00e1bio Massalli<br \/>\n02\/12\/2016<\/p>\n","protected":false},"excerpt":{"rendered":"<p>A receita l\u00edquida total da Associa\u00e7\u00e3o Brasileira da Ind\u00fastria de M\u00e1quinas e Equipamentos (Abimaq) teve queda de 14,8% em outubro, em rela\u00e7\u00e3o ao m\u00eas anterior. Na compara\u00e7\u00e3o com outubro do ano passado, a queda foi 22%. De janeiro a outubro, a queda foi 26% ante o mesmo per\u00edodo do ano passado. Houve queda tamb\u00e9m na [&hellip;]<\/p>\n","protected":false},"author":2,"featured_media":57583,"comment_status":"open","ping_status":"closed","sticky":false,"template":"","format":"standard","meta":{"_genesis_hide_title":false,"_genesis_hide_breadcrumbs":false,"_genesis_hide_singular_image":false,"_genesis_hide_footer_widgets":false,"_genesis_custom_body_class":"","_genesis_custom_post_class":"","_genesis_layout":"","_jetpack_memberships_contains_paid_content":false,"footnotes":""},"categories":[22,7],"tags":[],"class_list":{"0":"post-101123","1":"post","2":"type-post","3":"status-publish","4":"format-standard","5":"has-post-thumbnail","7":"category-brasil","8":"category-economia","9":"entry","10":"gs-1","11":"gs-odd","12":"gs-even","13":"gs-featured-content-entry"},"jetpack_featured_media_url":"https:\/\/www.redenoticia.com.br\/noticia\/imagens\/economia-grafico.jpg","jetpack_sharing_enabled":true,"jetpack_likes_enabled":true,"_links":{"self":[{"href":"https:\/\/www.redenoticia.com.br\/noticia\/wp-json\/wp\/v2\/posts\/101123","targetHints":{"allow":["GET"]}}],"collection":[{"href":"https:\/\/www.redenoticia.com.br\/noticia\/wp-json\/wp\/v2\/posts"}],"about":[{"href":"https:\/\/www.redenoticia.com.br\/noticia\/wp-json\/wp\/v2\/types\/post"}],"author":[{"embeddable":true,"href":"https:\/\/www.redenoticia.com.br\/noticia\/wp-json\/wp\/v2\/users\/2"}],"replies":[{"embeddable":true,"href":"https:\/\/www.redenoticia.com.br\/noticia\/wp-json\/wp\/v2\/comments?post=101123"}],"version-history":[{"count":0,"href":"https:\/\/www.redenoticia.com.br\/noticia\/wp-json\/wp\/v2\/posts\/101123\/revisions"}],"wp:featuredmedia":[{"embeddable":true,"href":"https:\/\/www.redenoticia.com.br\/noticia\/wp-json\/wp\/v2\/media\/57583"}],"wp:attachment":[{"href":"https:\/\/www.redenoticia.com.br\/noticia\/wp-json\/wp\/v2\/media?parent=101123"}],"wp:term":[{"taxonomy":"category","embeddable":true,"href":"https:\/\/www.redenoticia.com.br\/noticia\/wp-json\/wp\/v2\/categories?post=101123"},{"taxonomy":"post_tag","embeddable":true,"href":"https:\/\/www.redenoticia.com.br\/noticia\/wp-json\/wp\/v2\/tags?post=101123"}],"curies":[{"name":"wp","href":"https:\/\/api.w.org\/{rel}","templated":true}]}}