{"id":101121,"date":"2016-12-02T06:08:21","date_gmt":"2016-12-02T08:08:21","guid":{"rendered":"http:\/\/www.redenoticia.com.br\/noticia\/?p=101121"},"modified":"2016-12-02T04:45:51","modified_gmt":"2016-12-02T06:45:51","slug":"mesmo-com-queda-no-3o-trimestre-governo-mantem-projecao-do-pib","status":"publish","type":"post","link":"https:\/\/www.redenoticia.com.br\/noticia\/2016\/mesmo-com-queda-no-3o-trimestre-governo-mantem-projecao-do-pib\/101121","title":{"rendered":"Mesmo com queda no 3\u00ba trimestre, governo mant\u00e9m proje\u00e7\u00e3o do PIB"},"content":{"rendered":"<p> O Minist\u00e9rio da Fazenda decidiu manter as proje\u00e7\u00f5es do governo para a economia em 2016 e 2017, mesmo com o an\u00fancio da retra\u00e7\u00e3o no terceiro trimestre divulgado pelo Instituto Brasileiro de Geografia e Estat\u00edstica (IBGE). De acordo com os dados anunciados, o <strong><em>Produto Interno Bruto<\/em><\/strong> (PIB), soma de todos os bens e servi\u00e7os produzidos no pa\u00eds, fechou o terceiro trimestre do ano com queda de 0,8% em rela\u00e7\u00e3o ao trimestre anterior. Com o resultado, o pa\u00eds registrou o s\u00e9timo trimestre seguido de retra\u00e7\u00e3o da economia.<\/p>\n<p>Segundo o secret\u00e1rio de Pol\u00edtica Econ\u00f4mica do Minist\u00e9rio da Fazenda, Fabio Kanczuk, n\u00e3o h\u00e1 motivos para alterar as proje\u00e7\u00f5es oficiais, de retra\u00e7\u00e3o de 3,5% em 2016 e crescimento de 1% em 2017, j\u00e1 que o resultado divulgado nesta quarta-feira foi \u201cpr\u00f3ximo do esperado\u201d. Ele estima que, na compara\u00e7\u00e3o trimestral, j\u00e1 haver\u00e1 uma sinaliza\u00e7\u00e3o positiva no primeiro trimestre do ano. Isso porque a recess\u00e3o, na avalia\u00e7\u00e3o dele, est\u00e1 \u201carrefecendo\u201d.<\/p>\n<p>De acordo com o Minist\u00e9rio da Fazenda, a principal raz\u00e3o para esse resultado foi o elevado n\u00edvel de endividamento das empresas e das fam\u00edlias, que refletiu na queda do investimento. O quadro decorreu de condi\u00e7\u00f5es anteriores ao estabelecido na nova agenda econ\u00f4mica do governo, que se mostraram mais graves do que inicialmente percebidas, avaliam os t\u00e9cnicos.<\/p>\n<p>O secret\u00e1rio Fabio Kanczuk destacou ainda que o governo tem trabalhado em reformas no sentido de aumentar os ganhos de produtividade e n\u00e3o em uma solu\u00e7\u00e3o que contemple apenas est\u00edmulos fiscais, sem reformas estruturais. \u201cEssa \u00e9 a raz\u00e3o de a gente estar na crise que estamos agora. A forma de resolver \u00e9 estrutural, com reformas econ\u00f4micas para ter ganho de produtividade. Isso da\u00ed vai fazer o Brasil crescer. N\u00e3o, simplesmente, no pr\u00f3ximo trimestre, mas anos \u00e0 frente\u201d, concluiu.<\/p>\n<p>Daniel Lima &#8211; Rep\u00f3rter da Ag\u00eancia Brasil<br \/>\nEdi\u00e7\u00e3o: Amanda Cieglinski<br \/>\n02\/12\/2016<\/p>\n","protected":false},"excerpt":{"rendered":"<p>O Minist\u00e9rio da Fazenda decidiu manter as proje\u00e7\u00f5es do governo para a economia em 2016 e 2017, mesmo com o an\u00fancio da retra\u00e7\u00e3o no terceiro trimestre divulgado pelo Instituto Brasileiro de Geografia e Estat\u00edstica (IBGE). De acordo com os dados anunciados, o Produto Interno Bruto (PIB), soma de todos os bens e servi\u00e7os produzidos no [&hellip;]<\/p>\n","protected":false},"author":2,"featured_media":57585,"comment_status":"open","ping_status":"closed","sticky":false,"template":"","format":"standard","meta":{"_genesis_hide_title":false,"_genesis_hide_breadcrumbs":false,"_genesis_hide_singular_image":false,"_genesis_hide_footer_widgets":false,"_genesis_custom_body_class":"","_genesis_custom_post_class":"","_genesis_layout":"","_jetpack_memberships_contains_paid_content":false,"footnotes":""},"categories":[22,7],"tags":[],"class_list":{"0":"post-101121","1":"post","2":"type-post","3":"status-publish","4":"format-standard","5":"has-post-thumbnail","7":"category-brasil","8":"category-economia","9":"entry","10":"gs-1","11":"gs-odd","12":"gs-even","13":"gs-featured-content-entry"},"jetpack_featured_media_url":"https:\/\/www.redenoticia.com.br\/noticia\/imagens\/analise-economia.jpg","jetpack_sharing_enabled":true,"jetpack_likes_enabled":true,"_links":{"self":[{"href":"https:\/\/www.redenoticia.com.br\/noticia\/wp-json\/wp\/v2\/posts\/101121","targetHints":{"allow":["GET"]}}],"collection":[{"href":"https:\/\/www.redenoticia.com.br\/noticia\/wp-json\/wp\/v2\/posts"}],"about":[{"href":"https:\/\/www.redenoticia.com.br\/noticia\/wp-json\/wp\/v2\/types\/post"}],"author":[{"embeddable":true,"href":"https:\/\/www.redenoticia.com.br\/noticia\/wp-json\/wp\/v2\/users\/2"}],"replies":[{"embeddable":true,"href":"https:\/\/www.redenoticia.com.br\/noticia\/wp-json\/wp\/v2\/comments?post=101121"}],"version-history":[{"count":0,"href":"https:\/\/www.redenoticia.com.br\/noticia\/wp-json\/wp\/v2\/posts\/101121\/revisions"}],"wp:featuredmedia":[{"embeddable":true,"href":"https:\/\/www.redenoticia.com.br\/noticia\/wp-json\/wp\/v2\/media\/57585"}],"wp:attachment":[{"href":"https:\/\/www.redenoticia.com.br\/noticia\/wp-json\/wp\/v2\/media?parent=101121"}],"wp:term":[{"taxonomy":"category","embeddable":true,"href":"https:\/\/www.redenoticia.com.br\/noticia\/wp-json\/wp\/v2\/categories?post=101121"},{"taxonomy":"post_tag","embeddable":true,"href":"https:\/\/www.redenoticia.com.br\/noticia\/wp-json\/wp\/v2\/tags?post=101121"}],"curies":[{"name":"wp","href":"https:\/\/api.w.org\/{rel}","templated":true}]}}