{"id":101117,"date":"2016-12-02T06:05:12","date_gmt":"2016-12-02T08:05:12","guid":{"rendered":"http:\/\/www.redenoticia.com.br\/noticia\/?p=101117"},"modified":"2016-12-02T04:42:10","modified_gmt":"2016-12-02T06:42:10","slug":"ibge-queda-dos-investimentos-continua-a-puxar-pib-para-baixo","status":"publish","type":"post","link":"https:\/\/www.redenoticia.com.br\/noticia\/2016\/ibge-queda-dos-investimentos-continua-a-puxar-pib-para-baixo\/101117","title":{"rendered":"IBGE: queda dos investimentos continua a puxar PIB para baixo"},"content":{"rendered":"<p> Os investimentos na economia, que s\u00e3o um importante indicador para a capacidade produtiva futura do pa\u00eds, continuam em queda e representam um dos principais fatores a puxar para baixo o <strong><em>Produto Interno Bruto<\/em><\/strong> (PIB), soma de todos os bens e servi\u00e7os produzidos no pa\u00eds.<\/p>\n<p>Os dados das Contas Nacionais Trimestrais, divulgados pelo Instituto Brasileiro de Geografia e Estat\u00edstica (IBGE), mostram que, no terceiro trimestre, a Forma\u00e7\u00e3o Bruta de Capital Fixo (que s\u00e3o os investimentos) recuou 3,1%. Nos \u00faltimos 12 meses, o \u00edndice acumulou queda de 13,5%.<\/p>\n<p>\u201cVimos um recuo importante dos investimentos em fun\u00e7\u00e3o da queda nas importa\u00e7\u00f5es de bens de capital (m\u00e1quinas e equipamentos), o que tem a ver com as expectativas e com o aumento dos juros reais, o que reflete no cr\u00e9dito. E a gente continuou tendo desempenho negativo da constru\u00e7\u00e3o civil, que tamb\u00e9m impacta negativamente nos investimentos\u201d, afirmou a coordenadora das Contas Nacionais do IBGE, Rebeca Palis.<\/p>\n<p> Ela destacou que, no terceiro trimestre, os servi\u00e7os tamb\u00e9m continuam puxando para baixo o PIB por seu grande peso na economia. \u201cOs servi\u00e7os relacionados \u00e0 ind\u00fastria tiveram as maiores quedas, as partes de transportes e com\u00e9rcio foram as maiores quedas dentro dos servi\u00e7os\u201d, disse.<\/p>\n<p>No caso do consumo das fam\u00edlias, a retra\u00e7\u00e3o nos \u00faltimos 12 meses alcan\u00e7ou 5,2%. \u201cA gente continuou tendo indicadores ruins no mercado de trabalho, a infla\u00e7\u00e3o arrefeceu, mas continua alta, o cr\u00e9dito para pessoas f\u00edsicas est\u00e1 apresentando taxas reais negativas, j\u00e1 que os juros continuam altos. Tudo isso afeta negativamente o consumo das fam\u00edlias\u201d, disse a pesquisadora.<\/p>\n<p>Contas nacionais<\/p>\n<p>O PIB fechou o terceiro trimestre do ano com queda de 0,8% em rela\u00e7\u00e3o ao trimestre anterior. Com isso, o pa\u00eds registra o s\u00e9timo trimestre seguido de retra\u00e7\u00e3o da economia. No resultado acumulado do ano at\u00e9 setembro, o PIB apresentou recuo de 4% em rela\u00e7\u00e3o a igual per\u00edodo de 2015, maior queda para esse per\u00edodo desde o in\u00edcio da s\u00e9rie em 1996. Nos \u00faltimos 12 meses, a retra\u00e7\u00e3o alcan\u00e7ou 4,4%.<\/p>\n<p>Na an\u00e1lise dos subsetores da economia, a agropecu\u00e1ria teve retra\u00e7\u00e3o de 1,4% no per\u00edodo, a ind\u00fastria caiu 1,3% e o setor de servi\u00e7os registrou queda de 0,6%. Os dados do IBGE mostram ainda que o consumo das fam\u00edlias caiu 0,6% e o do governo, 0,3%. No setor externo, as exporta\u00e7\u00f5es de bens e servi\u00e7os ca\u00edram 2,8% e as importa\u00e7\u00f5es recuaram 3,1%.<\/p>\n<p>A coordenadora das Contas Nacionais ressaltou que a economia brasileira est\u00e1 tendo taxas negativas h\u00e1 sete trimestres consecutivos, ou seja, desde o come\u00e7o do ano passado. \u201cEm 2014, a gente tinha a ind\u00fastria em queda e os servi\u00e7os e a agropecu\u00e1ria ainda subindo. O consumo das fam\u00edlias tamb\u00e9m crescia e tem papel relevante no PIB. Em 2015, a queda se disseminou pela economia, mas a agropecu\u00e1ria ainda continuava com crescimento. Agora em 2016, todas as grandes atividades econ\u00f4micas, tanto a agropecu\u00e1ria quanto a ind\u00fastria e os servi\u00e7os, est\u00e3o em queda. A agropecu\u00e1ria foi influenciada pelas quebras de safra por causa do clima desfavor\u00e1vel\u201d.<\/p>\n<p>Ana Cristina Campos &#8211; Rep\u00f3rter da Ag\u00eancia Brasil<br \/>\nEdi\u00e7\u00e3o: Gra\u00e7a Adjuto<br \/>\n02\/12\/2016<\/p>\n","protected":false},"excerpt":{"rendered":"<p>Os investimentos na economia, que s\u00e3o um importante indicador para a capacidade produtiva futura do pa\u00eds, continuam em queda e representam um dos principais fatores a puxar para baixo o Produto Interno Bruto (PIB), soma de todos os bens e servi\u00e7os produzidos no pa\u00eds. Os dados das Contas Nacionais Trimestrais, divulgados pelo Instituto Brasileiro de [&hellip;]<\/p>\n","protected":false},"author":2,"featured_media":38938,"comment_status":"open","ping_status":"closed","sticky":false,"template":"","format":"standard","meta":{"_genesis_hide_title":false,"_genesis_hide_breadcrumbs":false,"_genesis_hide_singular_image":false,"_genesis_hide_footer_widgets":false,"_genesis_custom_body_class":"","_genesis_custom_post_class":"","_genesis_layout":"","_jetpack_memberships_contains_paid_content":false,"footnotes":""},"categories":[22,7],"tags":[],"class_list":{"0":"post-101117","1":"post","2":"type-post","3":"status-publish","4":"format-standard","5":"has-post-thumbnail","7":"category-brasil","8":"category-economia","9":"entry","10":"gs-1","11":"gs-odd","12":"gs-even","13":"gs-featured-content-entry"},"jetpack_featured_media_url":"https:\/\/www.redenoticia.com.br\/noticia\/imagens\/economia1.jpg","jetpack_sharing_enabled":true,"jetpack_likes_enabled":true,"_links":{"self":[{"href":"https:\/\/www.redenoticia.com.br\/noticia\/wp-json\/wp\/v2\/posts\/101117","targetHints":{"allow":["GET"]}}],"collection":[{"href":"https:\/\/www.redenoticia.com.br\/noticia\/wp-json\/wp\/v2\/posts"}],"about":[{"href":"https:\/\/www.redenoticia.com.br\/noticia\/wp-json\/wp\/v2\/types\/post"}],"author":[{"embeddable":true,"href":"https:\/\/www.redenoticia.com.br\/noticia\/wp-json\/wp\/v2\/users\/2"}],"replies":[{"embeddable":true,"href":"https:\/\/www.redenoticia.com.br\/noticia\/wp-json\/wp\/v2\/comments?post=101117"}],"version-history":[{"count":0,"href":"https:\/\/www.redenoticia.com.br\/noticia\/wp-json\/wp\/v2\/posts\/101117\/revisions"}],"wp:featuredmedia":[{"embeddable":true,"href":"https:\/\/www.redenoticia.com.br\/noticia\/wp-json\/wp\/v2\/media\/38938"}],"wp:attachment":[{"href":"https:\/\/www.redenoticia.com.br\/noticia\/wp-json\/wp\/v2\/media?parent=101117"}],"wp:term":[{"taxonomy":"category","embeddable":true,"href":"https:\/\/www.redenoticia.com.br\/noticia\/wp-json\/wp\/v2\/categories?post=101117"},{"taxonomy":"post_tag","embeddable":true,"href":"https:\/\/www.redenoticia.com.br\/noticia\/wp-json\/wp\/v2\/tags?post=101117"}],"curies":[{"name":"wp","href":"https:\/\/api.w.org\/{rel}","templated":true}]}}