{"id":101113,"date":"2016-12-02T06:03:42","date_gmt":"2016-12-02T08:03:42","guid":{"rendered":"http:\/\/www.redenoticia.com.br\/noticia\/?p=101113"},"modified":"2016-12-02T04:39:58","modified_gmt":"2016-12-02T06:39:58","slug":"ipva-2017-sera-mais-barato-para-proprietarios-paulistas","status":"publish","type":"post","link":"https:\/\/www.redenoticia.com.br\/noticia\/2016\/ipva-2017-sera-mais-barato-para-proprietarios-paulistas\/101113","title":{"rendered":"IPVA 2017 ser\u00e1 mais barato para propriet\u00e1rios paulistas"},"content":{"rendered":"<p> O Imposto sobre a Propriedade de Ve\u00edculos Automotores (<em><strong>IPVA<\/strong><\/em>) ficar\u00e1 mais barato no Estado de S\u00e3o Paulo em 2017. A tabela de valores venais registrou queda nominal de 4,8%, em m\u00e9dia, nos pre\u00e7os de venda praticados no varejo. Os dados foram apurados pela Funda\u00e7\u00e3o Instituto de Pesquisas Econ\u00f4micas (Fipe) que realizou a pesquisa referente a 11.259 diferentes marcas, modelos e vers\u00f5es de ve\u00edculos.<\/p>\n<p>O levantamento baseado nos valores de mercado de setembro de 2016 identificou maior queda de pre\u00e7os de venda para caminh\u00f5es usados, que apresentaram recuo de 7,9%. Os utilit\u00e1rios tiveram redu\u00e7\u00e3o de 5,4%, seguidos dos autom\u00f3veis e \u00f4nibus e micro-\u00f4nibus, com redu\u00e7\u00e3o de 5,3%. Os pre\u00e7os de venda de motocicletas fecharam 2,9% abaixo do valor apurado no ano anterior. A tabela completa do IPVA 2017 poder\u00e1 ser consultada .<\/p>\n<p>As al\u00edquotas do imposto permanecem inalteradas. Os propriet\u00e1rios de ve\u00edculos movidos a gasolina e os bicombust\u00edveis recolher\u00e3o 4% sobre o valor venal. Ve\u00edculos que utilizam exclusivamente \u00e1lcool, eletricidade ou g\u00e1s, ainda que combinados entre si, t\u00eam al\u00edquota de 3%. As picapes cabine dupla pagam 4%. Os utilit\u00e1rios (cabine simples), \u00f4nibus, micro-\u00f4nibus, motocicletas, motonetas, quadriciclos e similares recolhem 2% sobre o valor venal. Os caminh\u00f5es pagam 1,5%.<\/p>\n<p>A frota total de ve\u00edculos no Estado de S\u00e3o Paulo \u00e9 de aproximadamente 24 milh\u00f5es. Destes, 17,5 milh\u00f5es est\u00e3o sujeitos ao recolhimento do IPVA, 6,2 milh\u00f5es est\u00e3o isentos por terem mais de 20 anos de fabrica\u00e7\u00e3o e cerca de 280 mil s\u00e3o considerados isentos, imunes ou dispensados do pagamento (taxistas, pessoas com defici\u00eancia, igrejas, entidades sem fins lucrativos, ve\u00edculos oficiais e \u00f4nibus\/micro-\u00f4nibus urbanos).<\/p>\n<p>A Fazenda prev\u00ea arrecadar R$ 15,4 bilh\u00f5es com o IPVA em 2017. Deste total, descontadas as destina\u00e7\u00f5es constitucionais, o valor \u00e9 repartido 50% para os munic\u00edpios de registro dos ve\u00edculos, que devem corresponder ao local de domic\u00edlio ou resid\u00eancia dos respectivos propriet\u00e1rios, e os outros 50% para o Estado. Os recursos do imposto s\u00e3o investidos pelo governo estadual em obras de infraestrutura e melhoria na presta\u00e7\u00e3o de servi\u00e7os p\u00fablicos como os de sa\u00fade e educa\u00e7\u00e3o. Dados preliminares do IPVA 2016 mostram que foram arrecadados R$ 13,7 bilh\u00f5es at\u00e9 outubro deste ano.<\/p>\n<p>Calend\u00e1rio de pagamento<br \/>\nO calend\u00e1rio de pagamento do IPVA 2017 est\u00e1 definido. Os contribuintes podem pagar o imposto em cota \u00fanica no m\u00eas de janeiro, com desconto de 3%, ou parcelar o tributo em tr\u00eas vezes (nos meses de janeiro, fevereiro e mar\u00e7o), de acordo com o final da placa do ve\u00edculo. Tamb\u00e9m \u00e9 poss\u00edvel quitar o imposto no m\u00eas de fevereiro, sem desconto.<\/p>\n<p>O pr\u00eamio do seguro obrigat\u00f3rio DPVAT deve ser recolhido de forma integral junto com a primeira parcela do IPVA ou juntamente com a cota \u00fanica. No caso de parcelamento do pr\u00eamio em tr\u00eas vezes, o que somente \u00e9 permitido para motos e similares, vans, \u00f4nibus e micro-\u00f4nibus, as parcelas do pr\u00eamio devem ser recolhidas de acordo com o calend\u00e1rio de vencimento do IPVA.<\/p>\n<p>Os propriet\u00e1rios devem respeitar o calend\u00e1rio de vencimento por final de placa. Para efetuar o pagamento do IPVA 2017, basta o contribuinte se dirigir a uma ag\u00eancia banc\u00e1ria credenciada, com o n\u00famero do RENAVAM (Registro Nacional de Ve\u00edculo Automotor) e efetuar o recolhimento no guich\u00ea de caixa, nos terminais de autoatendimento, pela internet ou d\u00e9bito agendado ou outros canais oferecidos pela institui\u00e7\u00e3o banc\u00e1ria.<\/p>\n<p>.<\/p>\n<p>Do Portal do Governo do Estado SP<\/p>\n","protected":false},"excerpt":{"rendered":"<p>O Imposto sobre a Propriedade de Ve\u00edculos Automotores (IPVA) ficar\u00e1 mais barato no Estado de S\u00e3o Paulo em 2017. A tabela de valores venais registrou queda nominal de 4,8%, em m\u00e9dia, nos pre\u00e7os de venda praticados no varejo. Os dados foram apurados pela Funda\u00e7\u00e3o Instituto de Pesquisas Econ\u00f4micas (Fipe) que realizou a pesquisa referente a [&hellip;]<\/p>\n","protected":false},"author":2,"featured_media":26192,"comment_status":"open","ping_status":"closed","sticky":false,"template":"","format":"standard","meta":{"_genesis_hide_title":false,"_genesis_hide_breadcrumbs":false,"_genesis_hide_singular_image":false,"_genesis_hide_footer_widgets":false,"_genesis_custom_body_class":"","_genesis_custom_post_class":"","_genesis_layout":"","_jetpack_memberships_contains_paid_content":false,"footnotes":""},"categories":[22],"tags":[],"class_list":{"0":"post-101113","1":"post","2":"type-post","3":"status-publish","4":"format-standard","5":"has-post-thumbnail","7":"category-brasil","8":"entry","9":"gs-1","10":"gs-odd","11":"gs-even","12":"gs-featured-content-entry"},"jetpack_featured_media_url":"https:\/\/www.redenoticia.com.br\/noticia\/imagens\/ipva-sp-restituicao.jpg","jetpack_sharing_enabled":true,"jetpack_likes_enabled":true,"_links":{"self":[{"href":"https:\/\/www.redenoticia.com.br\/noticia\/wp-json\/wp\/v2\/posts\/101113","targetHints":{"allow":["GET"]}}],"collection":[{"href":"https:\/\/www.redenoticia.com.br\/noticia\/wp-json\/wp\/v2\/posts"}],"about":[{"href":"https:\/\/www.redenoticia.com.br\/noticia\/wp-json\/wp\/v2\/types\/post"}],"author":[{"embeddable":true,"href":"https:\/\/www.redenoticia.com.br\/noticia\/wp-json\/wp\/v2\/users\/2"}],"replies":[{"embeddable":true,"href":"https:\/\/www.redenoticia.com.br\/noticia\/wp-json\/wp\/v2\/comments?post=101113"}],"version-history":[{"count":0,"href":"https:\/\/www.redenoticia.com.br\/noticia\/wp-json\/wp\/v2\/posts\/101113\/revisions"}],"wp:featuredmedia":[{"embeddable":true,"href":"https:\/\/www.redenoticia.com.br\/noticia\/wp-json\/wp\/v2\/media\/26192"}],"wp:attachment":[{"href":"https:\/\/www.redenoticia.com.br\/noticia\/wp-json\/wp\/v2\/media?parent=101113"}],"wp:term":[{"taxonomy":"category","embeddable":true,"href":"https:\/\/www.redenoticia.com.br\/noticia\/wp-json\/wp\/v2\/categories?post=101113"},{"taxonomy":"post_tag","embeddable":true,"href":"https:\/\/www.redenoticia.com.br\/noticia\/wp-json\/wp\/v2\/tags?post=101113"}],"curies":[{"name":"wp","href":"https:\/\/api.w.org\/{rel}","templated":true}]}}