{"id":100968,"date":"2016-12-01T06:09:55","date_gmt":"2016-12-01T08:09:55","guid":{"rendered":"http:\/\/www.redenoticia.com.br\/noticia\/?p=100968"},"modified":"2016-11-30T15:50:49","modified_gmt":"2016-11-30T17:50:49","slug":"governo-flexibiliza-regras-do-minha-casa-minha-vida-para-pequenos-construtores","status":"publish","type":"post","link":"https:\/\/www.redenoticia.com.br\/noticia\/2016\/governo-flexibiliza-regras-do-minha-casa-minha-vida-para-pequenos-construtores\/100968","title":{"rendered":"Governo flexibiliza regras do Minha Casa, Minha Vida para pequenos construtores"},"content":{"rendered":"<p> O Minist\u00e9rio das Cidades flexibilizou as regras do Programa <strong><em>Minha Casa, Minha Vida<\/em><\/strong> para pequenos construtores. Atendendo a uma reivindica\u00e7\u00e3o do setor, o ministro Bruno Ara\u00fajo assinou portaria que aumenta o prazo de inscri\u00e7\u00e3o das empresas no Cadastro Nacional da Pessoa Jur\u00eddica (CNPJ) e retira a exig\u00eancia de constru\u00e7\u00e3o apenas em \u00e1reas pavimentadas.<\/p>\n<p>A portaria altera as regras estabelecidas pelas portarias 160 e 539, publicadas em maio deste ano e que geraram forte rea\u00e7\u00e3o dos construtores. Os empres\u00e1rios alegam que o prazo estabelecido para realizar a adequa\u00e7\u00e3o como pessoa jur\u00eddica n\u00e3o era suficiente. A nova portaria estende o prazo para o final de 2018.<\/p>\n<p> Outra queixa era com rela\u00e7\u00e3o \u00e0 exig\u00eancia de que o empreendimento deveria ser constru\u00eddo em \u00e1rea pavimentada. Junto com energia el\u00e9trica, esgoto e abastecimento de \u00e1gua, o asfalto estava entre os itens de infraestrutura b\u00e1sica necess\u00e1rios na \u00e1rea da obra a ser financiada pelo programa.<\/p>\n<p>Para os construtores, essa norma traria preju\u00edzos econ\u00f4micos, pois h\u00e1 muitos im\u00f3veis que j\u00e1 foram constru\u00eddos antes da vig\u00eancia da regra e n\u00e3o poderiam ser comercializados.<\/p>\n<p>Segundo o presidente da Associa\u00e7\u00e3o dos Construtores do Estado de Goi\u00e1s, Delermon Dias Marques, somente em Goi\u00e1s 20 mil casas foram constru\u00eddas antes da mudan\u00e7a nas exig\u00eancias e n\u00e3o poderiam ser financiadas com recursos do Minha Casa, Minha Vida. O setor argumenta tamb\u00e9m que a nova mudan\u00e7a nas regras pode evitar a perda de empregos.<\/p>\n<p>\u201cSabemos por alto de uma estimativa de dois milh\u00f5es de pessoas que s\u00e3o empregadas pelo setor, de forma direta ou indireta. Com a nova portaria, v\u00e1rios projetos v\u00e3o ser desengavetados e podem gerar mais empregos\u201d, disse Delermon.<\/p>\n<p>\u201cOs pequenos construtores correspondem quase 30% do programa, um percentual muito alto. Em um momento em que o pa\u00eds precisa de grande aten\u00e7\u00e3o para enfrentar a recess\u00e3o e desemprego, eles s\u00e3o fundamentais\u201d, defendeu o ministro Bruno Ara\u00fajo.<\/p>\n<p>Sobre a preocupa\u00e7\u00e3o com a perda de qualidade dos im\u00f3veis constru\u00eddos, j\u00e1 que o mutu\u00e1rio pode receber im\u00f3vel em \u00e1rea n\u00e3o asfaltada, Ara\u00fajo disse que o asfalto n\u00e3o \u00e9 responsabilidade das empresas e sim do Poder P\u00fablico.<\/p>\n<p>As novas regras incluem ainda mudan\u00e7a no conceito de empreendimento. Pelo novo texto, obras de uma ou duas unidades habitacionais podem serem consideradas como um empreendimento \u201cPrecis\u00e1vamos adequar a portaria a realidade de um pa\u00eds continental, onde a realidade do interior do nordeste n\u00e3o \u00e9 igual \u00e0 regi\u00e3o metropolitana\u201d, disse o ministro. As mudan\u00e7as ser\u00e3o publicadas no Di\u00e1rio Oficial da Uni\u00e3o.<\/p>\n<p>D\u00e9bora Brito &#8211; Rep\u00f3rter da Ag\u00eancia Brasil<br \/>\nEdi\u00e7\u00e3o: Luana Louren\u00e7o<br \/>\n01\/12\/2016 <\/p>\n","protected":false},"excerpt":{"rendered":"<p>O Minist\u00e9rio das Cidades flexibilizou as regras do Programa Minha Casa, Minha Vida para pequenos construtores. Atendendo a uma reivindica\u00e7\u00e3o do setor, o ministro Bruno Ara\u00fajo assinou portaria que aumenta o prazo de inscri\u00e7\u00e3o das empresas no Cadastro Nacional da Pessoa Jur\u00eddica (CNPJ) e retira a exig\u00eancia de constru\u00e7\u00e3o apenas em \u00e1reas pavimentadas. A portaria [&hellip;]<\/p>\n","protected":false},"author":2,"featured_media":24713,"comment_status":"open","ping_status":"closed","sticky":false,"template":"","format":"standard","meta":{"_genesis_hide_title":false,"_genesis_hide_breadcrumbs":false,"_genesis_hide_singular_image":false,"_genesis_hide_footer_widgets":false,"_genesis_custom_body_class":"","_genesis_custom_post_class":"","_genesis_layout":"","_jetpack_memberships_contains_paid_content":false,"footnotes":""},"categories":[22,7],"tags":[],"class_list":{"0":"post-100968","1":"post","2":"type-post","3":"status-publish","4":"format-standard","5":"has-post-thumbnail","7":"category-brasil","8":"category-economia","9":"entry","10":"gs-1","11":"gs-odd","12":"gs-even","13":"gs-featured-content-entry"},"jetpack_featured_media_url":"https:\/\/www.redenoticia.com.br\/noticia\/imagens\/minha-casa-minha-vida.jpg","jetpack_sharing_enabled":true,"jetpack_likes_enabled":true,"_links":{"self":[{"href":"https:\/\/www.redenoticia.com.br\/noticia\/wp-json\/wp\/v2\/posts\/100968","targetHints":{"allow":["GET"]}}],"collection":[{"href":"https:\/\/www.redenoticia.com.br\/noticia\/wp-json\/wp\/v2\/posts"}],"about":[{"href":"https:\/\/www.redenoticia.com.br\/noticia\/wp-json\/wp\/v2\/types\/post"}],"author":[{"embeddable":true,"href":"https:\/\/www.redenoticia.com.br\/noticia\/wp-json\/wp\/v2\/users\/2"}],"replies":[{"embeddable":true,"href":"https:\/\/www.redenoticia.com.br\/noticia\/wp-json\/wp\/v2\/comments?post=100968"}],"version-history":[{"count":0,"href":"https:\/\/www.redenoticia.com.br\/noticia\/wp-json\/wp\/v2\/posts\/100968\/revisions"}],"wp:featuredmedia":[{"embeddable":true,"href":"https:\/\/www.redenoticia.com.br\/noticia\/wp-json\/wp\/v2\/media\/24713"}],"wp:attachment":[{"href":"https:\/\/www.redenoticia.com.br\/noticia\/wp-json\/wp\/v2\/media?parent=100968"}],"wp:term":[{"taxonomy":"category","embeddable":true,"href":"https:\/\/www.redenoticia.com.br\/noticia\/wp-json\/wp\/v2\/categories?post=100968"},{"taxonomy":"post_tag","embeddable":true,"href":"https:\/\/www.redenoticia.com.br\/noticia\/wp-json\/wp\/v2\/tags?post=100968"}],"curies":[{"name":"wp","href":"https:\/\/api.w.org\/{rel}","templated":true}]}}