{"id":100966,"date":"2016-12-01T06:08:27","date_gmt":"2016-12-01T08:08:27","guid":{"rendered":"http:\/\/www.redenoticia.com.br\/noticia\/?p=100966"},"modified":"2016-11-30T15:49:48","modified_gmt":"2016-11-30T17:49:48","slug":"indice-do-aluguel-cai-em-novembro-e-taxa-acumulada-e-de-712","status":"publish","type":"post","link":"https:\/\/www.redenoticia.com.br\/noticia\/2016\/indice-do-aluguel-cai-em-novembro-e-taxa-acumulada-e-de-712\/100966","title":{"rendered":"\u00cdndice do aluguel cai em novembro e taxa acumulada \u00e9 de 7,12%"},"content":{"rendered":"<p> O <strong><em>\u00cdndice Geral de Pre\u00e7os do Mercado<\/em><\/strong> (IGP-M) apresentou um recuo de 0,03%, em novembro ante uma alta de 0,16%, em outubro. A varia\u00e7\u00e3o tamb\u00e9m foi menor que a registrada em novembro do ano passado (1,52%). Com o resultado, no acumulado do ano, a taxa alcan\u00e7ou 6,60% e, em 12 meses, 7,12%, que \u00e9 o percentual utilizado na renova\u00e7\u00e3o em contratos de aluguel.<\/p>\n<p>Calculado pelo Instituto Brasileiro de Economia da Funda\u00e7\u00e3o Getulio Vargas (Ibre\/FGV), o IGP-M indica a m\u00e9dia de pre\u00e7os de bens do atacado, varejo e da constru\u00e7\u00e3o civil no per\u00edodo entre os \u00faltimos dias 21 de outubro e 20 de novembro. Apesar de ter recuado, o \u00edndice de novembro reflete mais o comportamento de pre\u00e7os em um dos tr\u00eas componentes, o \u00cdndice de Pre\u00e7os ao Produtor Amplo, com queda de 0,16% ante uma alta de 0,15%.<\/p>\n<p>Pre\u00e7os caem<\/p>\n<p>Neste componente, o destaque foi o grupo dos alimentos processados. Eles ficaram 0,08% mais baratos depois de um aumento de 1,58% na apura\u00e7\u00e3o anterior. As mat\u00e9rias-primas brutas, que incluem as varia\u00e7\u00f5es das commodities (produtos com cota\u00e7\u00e3o internacional), aceleraram com alta de 0,90% ante 0,36%. As eleva\u00e7\u00f5es mais significativas foram do min\u00e9rio de ferro (de 2,16% para 9,04%); do caf\u00e9 em gr\u00e3o (de 2,28% para 8,30%) e da cana-de-a\u00e7\u00facar (de 1,48% para 2,80%). Em sentido oposto, est\u00e3o o leite in natura (de -5,52% para -8,78%), o milho em gr\u00e3o (de -1,80% para -3,92%) e os bovinos (de 2,20% para 0,16%)<\/p>\n<p>Em rela\u00e7\u00e3o ao \u00cdndice de Pre\u00e7os ao Consumidor (IPC) ocorreu varia\u00e7\u00e3o de 0,26%, taxa superior ao valor de outubro (0,17%) com acr\u00e9scimos registrados em cinco dos oito grupos pesquisados e destaque para educa\u00e7\u00e3o, leitura e recrea\u00e7\u00e3o (de -0,24% para 0,32%).<\/p>\n<p>J\u00e1 o \u00cdndice Nacional de Custo da Constru\u00e7\u00e3o (INCC) manteve-se est\u00e1vel em 0,17%. No per\u00edodo, o \u00edndice sobre materiais, equipamentos e servi\u00e7os teve queda de 0,05%, enquanto a m\u00e3o de obra subiu de 0,30% para 0,36%.<\/p>\n<p>Marli Moreira &#8211; Rep\u00f3rter da Ag\u00eancia Brasil<br \/>\nEdi\u00e7\u00e3o: Kleber Sampaio<br \/>\n01\/12\/2016<\/p>\n","protected":false},"excerpt":{"rendered":"<p>O \u00cdndice Geral de Pre\u00e7os do Mercado (IGP-M) apresentou um recuo de 0,03%, em novembro ante uma alta de 0,16%, em outubro. A varia\u00e7\u00e3o tamb\u00e9m foi menor que a registrada em novembro do ano passado (1,52%). Com o resultado, no acumulado do ano, a taxa alcan\u00e7ou 6,60% e, em 12 meses, 7,12%, que \u00e9 o [&hellip;]<\/p>\n","protected":false},"author":2,"featured_media":57584,"comment_status":"open","ping_status":"closed","sticky":false,"template":"","format":"standard","meta":{"_genesis_hide_title":false,"_genesis_hide_breadcrumbs":false,"_genesis_hide_singular_image":false,"_genesis_hide_footer_widgets":false,"_genesis_custom_body_class":"","_genesis_custom_post_class":"","_genesis_layout":"","_jetpack_memberships_contains_paid_content":false,"footnotes":""},"categories":[22,7],"tags":[],"class_list":{"0":"post-100966","1":"post","2":"type-post","3":"status-publish","4":"format-standard","5":"has-post-thumbnail","7":"category-brasil","8":"category-economia","9":"entry","10":"gs-1","11":"gs-odd","12":"gs-even","13":"gs-featured-content-entry"},"jetpack_featured_media_url":"https:\/\/www.redenoticia.com.br\/noticia\/imagens\/economia-grafica-analise-inflacao.jpg","jetpack_sharing_enabled":true,"jetpack_likes_enabled":true,"_links":{"self":[{"href":"https:\/\/www.redenoticia.com.br\/noticia\/wp-json\/wp\/v2\/posts\/100966","targetHints":{"allow":["GET"]}}],"collection":[{"href":"https:\/\/www.redenoticia.com.br\/noticia\/wp-json\/wp\/v2\/posts"}],"about":[{"href":"https:\/\/www.redenoticia.com.br\/noticia\/wp-json\/wp\/v2\/types\/post"}],"author":[{"embeddable":true,"href":"https:\/\/www.redenoticia.com.br\/noticia\/wp-json\/wp\/v2\/users\/2"}],"replies":[{"embeddable":true,"href":"https:\/\/www.redenoticia.com.br\/noticia\/wp-json\/wp\/v2\/comments?post=100966"}],"version-history":[{"count":0,"href":"https:\/\/www.redenoticia.com.br\/noticia\/wp-json\/wp\/v2\/posts\/100966\/revisions"}],"wp:featuredmedia":[{"embeddable":true,"href":"https:\/\/www.redenoticia.com.br\/noticia\/wp-json\/wp\/v2\/media\/57584"}],"wp:attachment":[{"href":"https:\/\/www.redenoticia.com.br\/noticia\/wp-json\/wp\/v2\/media?parent=100966"}],"wp:term":[{"taxonomy":"category","embeddable":true,"href":"https:\/\/www.redenoticia.com.br\/noticia\/wp-json\/wp\/v2\/categories?post=100966"},{"taxonomy":"post_tag","embeddable":true,"href":"https:\/\/www.redenoticia.com.br\/noticia\/wp-json\/wp\/v2\/tags?post=100966"}],"curies":[{"name":"wp","href":"https:\/\/api.w.org\/{rel}","templated":true}]}}