{"id":100964,"date":"2016-12-01T06:07:05","date_gmt":"2016-12-01T08:07:05","guid":{"rendered":"http:\/\/www.redenoticia.com.br\/noticia\/?p=100964"},"modified":"2016-11-30T15:48:22","modified_gmt":"2016-11-30T17:48:22","slug":"brasil-tem-uma-das-maiores-cargas-tributarias-em-energia-eletrica-diz-estudo","status":"publish","type":"post","link":"https:\/\/www.redenoticia.com.br\/noticia\/2016\/brasil-tem-uma-das-maiores-cargas-tributarias-em-energia-eletrica-diz-estudo\/100964","title":{"rendered":"Brasil tem uma das maiores cargas tribut\u00e1rias em energia el\u00e9trica, diz estudo"},"content":{"rendered":"<p> O Brasil tem a segunda maior <strong><em>carga tribut\u00e1ria cobrada sobre as tarifas de energia el\u00e9trica<\/em><\/strong> em um ranking de 28 pa\u00edses, atr\u00e1s apenas da Dinamarca. O dado foi apresentado pela Associa\u00e7\u00e3o Brasileira de Distribuidoras de Energia El\u00e9trica (Abradee).<\/p>\n<p>O levantamento, feito com dados da International Energy Agency (IEA) e da Ag\u00eancia Nacional de Energia El\u00e9trica (Aneel), levou em conta informa\u00e7\u00f5es dos pre\u00e7os de energia vigentes entre o fim de 2015 e o primeiro semestre deste ano. No ranking de tarifas residenciais de membros da IEA, o Brasil est\u00e1 em 14\u00ba lugar, com valor de US$ 180 para cada megawatt-hora (MWh), mas o percentual da carga tribut\u00e1ria e dos encargos na conta de luz \u00e9 de cerca de 40%.<\/p>\n<p> Segundo o presidente da Abradee, Nelson Leite, \u00e9 preciso discutir a cobran\u00e7a de encargos do consumidor de energia. \u201cHoje temos uma s\u00e9rie de pol\u00edticas p\u00fablicas que est\u00e3o dentro da tarifa de energia el\u00e9trica. A maior parte dos subs\u00eddios da CDE [Conta de Desenvolvimento Energ\u00e9tico], por exemplo, s\u00e3o para atender a pol\u00edticas de distribui\u00e7\u00e3o de renda e interesse social. O ideal \u00e9 que tiv\u00e9ssemos um sistema em que esses encargos que cumprem uma fun\u00e7\u00e3o social fossem pagos pelo contribuinte e n\u00e3o pelo consumidor de energia el\u00e9trica\u201d, avalia.<\/p>\n<p>Segundo a Abradee, do total pago na conta de luz no Brasil, 44,5% referem-se a encargos e tributos. Outros 35,7% correspondem ao pre\u00e7o da energia, 16,9% s\u00e3o o custo de distribui\u00e7\u00e3o e 2,9% de transmiss\u00e3o. O maior valor da tarifa de energia residencial est\u00e1 na Regi\u00e3o Sudeste, onde o pre\u00e7o m\u00e9dio \u00e9 de R$ 488 por MWh e o menor valor \u00e9 no Nordeste, onde o MWh custa R$ 437.<\/p>\n<p>Em rela\u00e7\u00e3o ao pre\u00e7o da energia cobrado das ind\u00fastrias, o estudo mostra que as tarifas no Brasil s\u00e3o competitivas em rela\u00e7\u00e3o a outros pa\u00edses do estudo. Os pre\u00e7os do Brasil est\u00e3o em 7\u00ba lugar no ranking, sendo que a carga tribut\u00e1ria aparece em 14\u00ba lugar.<\/p>\n<p>Em rela\u00e7\u00e3o a descontos e subs\u00eddios, nas regi\u00f5es mais carentes, segundo o levantamento, o impacto da tarifa social de energia el\u00e9trica \u00e9 maior. A m\u00e9dia brasileira do impacto dos descontos \u00e9 de 4%, sendo que na Regi\u00e3o Norte, esse percentual \u00e9 de 5%, e no Nordeste, de 8%. \u201cIsso mostra que a tarifa de baixa renda cumpre seu papel nas regi\u00f5es mais pobres, de baixar o valor da energia\u201d, disse Leite.<\/p>\n<p>Qualidade<\/p>\n<p>O estudo tamb\u00e9m avaliou a qualidade do servi\u00e7o de energia el\u00e9trica no Brasil, na compara\u00e7\u00e3o com outros pa\u00edses. Apesar de a nota brasileira estar acima da m\u00e9dia da Am\u00e9rica Latina, o \u00edndice teve uma redu\u00e7\u00e3o no \u00faltimo ano. Para o presidente da Abradee, a queda ocorreu por causa do pre\u00e7o do servi\u00e7o. \u201cApesar de a pesquisa focar na qualidade percebida, ela tem uma influ\u00eancia grande do realismo tarif\u00e1rio, que n\u00e3o tinha sido totalmente captado na pesquisa de 2015.\u201d<\/p>\n<p>O estudo tamb\u00e9m mostrou que, entre 1994 e 2016, a tarifa de energia el\u00e9trica no Brasil teve varia\u00e7\u00e3o de 775%, levando em conta a aplica\u00e7\u00e3o da bandeira tarif\u00e1ria vermelha, que implica em cobran\u00e7a extra na conta de luz. Com a bandeira tarif\u00e1ria verde, que n\u00e3o tem valor adicional nas tarifas, a varia\u00e7\u00e3o no per\u00edodo foi de 697%.<\/p>\n<p>Sabrina Craide &#8211; Rep\u00f3rter da Ag\u00eancia Brasil<br \/>\nEdi\u00e7\u00e3o: Luana Louren\u00e7o<br \/>\n01\/12\/2016<\/p>\n","protected":false},"excerpt":{"rendered":"<p>O Brasil tem a segunda maior carga tribut\u00e1ria cobrada sobre as tarifas de energia el\u00e9trica em um ranking de 28 pa\u00edses, atr\u00e1s apenas da Dinamarca. O dado foi apresentado pela Associa\u00e7\u00e3o Brasileira de Distribuidoras de Energia El\u00e9trica (Abradee). O levantamento, feito com dados da International Energy Agency (IEA) e da Ag\u00eancia Nacional de Energia El\u00e9trica [&hellip;]<\/p>\n","protected":false},"author":2,"featured_media":40734,"comment_status":"open","ping_status":"closed","sticky":false,"template":"","format":"standard","meta":{"_genesis_hide_title":false,"_genesis_hide_breadcrumbs":false,"_genesis_hide_singular_image":false,"_genesis_hide_footer_widgets":false,"_genesis_custom_body_class":"","_genesis_custom_post_class":"","_genesis_layout":"","_jetpack_memberships_contains_paid_content":false,"footnotes":""},"categories":[22,7],"tags":[],"class_list":{"0":"post-100964","1":"post","2":"type-post","3":"status-publish","4":"format-standard","5":"has-post-thumbnail","7":"category-brasil","8":"category-economia","9":"entry","10":"gs-1","11":"gs-odd","12":"gs-even","13":"gs-featured-content-entry"},"jetpack_featured_media_url":"https:\/\/www.redenoticia.com.br\/noticia\/imagens\/economia-resultados.jpg","jetpack_sharing_enabled":true,"jetpack_likes_enabled":true,"_links":{"self":[{"href":"https:\/\/www.redenoticia.com.br\/noticia\/wp-json\/wp\/v2\/posts\/100964","targetHints":{"allow":["GET"]}}],"collection":[{"href":"https:\/\/www.redenoticia.com.br\/noticia\/wp-json\/wp\/v2\/posts"}],"about":[{"href":"https:\/\/www.redenoticia.com.br\/noticia\/wp-json\/wp\/v2\/types\/post"}],"author":[{"embeddable":true,"href":"https:\/\/www.redenoticia.com.br\/noticia\/wp-json\/wp\/v2\/users\/2"}],"replies":[{"embeddable":true,"href":"https:\/\/www.redenoticia.com.br\/noticia\/wp-json\/wp\/v2\/comments?post=100964"}],"version-history":[{"count":0,"href":"https:\/\/www.redenoticia.com.br\/noticia\/wp-json\/wp\/v2\/posts\/100964\/revisions"}],"wp:featuredmedia":[{"embeddable":true,"href":"https:\/\/www.redenoticia.com.br\/noticia\/wp-json\/wp\/v2\/media\/40734"}],"wp:attachment":[{"href":"https:\/\/www.redenoticia.com.br\/noticia\/wp-json\/wp\/v2\/media?parent=100964"}],"wp:term":[{"taxonomy":"category","embeddable":true,"href":"https:\/\/www.redenoticia.com.br\/noticia\/wp-json\/wp\/v2\/categories?post=100964"},{"taxonomy":"post_tag","embeddable":true,"href":"https:\/\/www.redenoticia.com.br\/noticia\/wp-json\/wp\/v2\/tags?post=100964"}],"curies":[{"name":"wp","href":"https:\/\/api.w.org\/{rel}","templated":true}]}}