{"id":100962,"date":"2016-12-01T06:05:56","date_gmt":"2016-12-01T08:05:56","guid":{"rendered":"http:\/\/www.redenoticia.com.br\/noticia\/?p=100962"},"modified":"2016-11-30T15:46:59","modified_gmt":"2016-11-30T17:46:59","slug":"taxa-de-desemprego-fica-em-118-em-outubro-com-12-milhoes-de-desocupados","status":"publish","type":"post","link":"https:\/\/www.redenoticia.com.br\/noticia\/2016\/taxa-de-desemprego-fica-em-118-em-outubro-com-12-milhoes-de-desocupados\/100962","title":{"rendered":"Taxa de desemprego fica em 11,8% em outubro com 12 milh\u00f5es de desocupados"},"content":{"rendered":"<p> A <strong><em>taxa de desemprego<\/em><\/strong>, medida pela Pesquisa Nacional por Amostra de Domic\u00edlios (Pnad), do Instituto Brasileiro de Geografia e Estat\u00edstica (IBGE), ficou em 11,8% no trimestre encerrado em outubro deste ano. A taxa \u00e9 superior aos 11,6% do trimestre que terminou em julho deste ano e aos 8,9% do trimestre fechado em outubro de 2015.<\/p>\n<p>A popula\u00e7\u00e3o desocupada ficou em 12 milh\u00f5es de pessoas no trimestre encerrado em outubro deste ano, praticamente o mesmo n\u00famero do trimestre que acabou em julho de 2016. O contingente de desocupados \u00e9, no entanto, 32,7% maior do que em outubro do ano passado, o que significa que h\u00e1 mais 3 milh\u00f5es de pessoas procurando emprego sem sucesso.<\/p>\n<p>O contingente de pessoas ocupadas chegou a 89,9 milh\u00f5es de brasileiros, 0,7% a menos (604 mil pessoas) do que em julho de 2016 e 2,6% a menos (1,3 milh\u00e3o de pessoas) do que em outubro do ano passado.<\/p>\n<p>O n\u00famero de empregados com carteira assinada no setor privado, estimado em 34 milh\u00f5es de pessoas, apresentou quedas de 0,9% em rela\u00e7\u00e3o a julho deste ano (menos 303 mil pessoas) e de 3,7% (menos 1,3 milh\u00e3o de pessoas).<\/p>\n<p>Vitor Abdala \u2013 Rep\u00f3rter da Ag\u00eancia Brasil<br \/>\nEdi\u00e7\u00e3o: Kleber Sampaio<br \/>\n01\/12\/2016<\/p>\n","protected":false},"excerpt":{"rendered":"<p>A taxa de desemprego, medida pela Pesquisa Nacional por Amostra de Domic\u00edlios (Pnad), do Instituto Brasileiro de Geografia e Estat\u00edstica (IBGE), ficou em 11,8% no trimestre encerrado em outubro deste ano. A taxa \u00e9 superior aos 11,6% do trimestre que terminou em julho deste ano e aos 8,9% do trimestre fechado em outubro de 2015. [&hellip;]<\/p>\n","protected":false},"author":2,"featured_media":57585,"comment_status":"open","ping_status":"closed","sticky":false,"template":"","format":"standard","meta":{"_genesis_hide_title":false,"_genesis_hide_breadcrumbs":false,"_genesis_hide_singular_image":false,"_genesis_hide_footer_widgets":false,"_genesis_custom_body_class":"","_genesis_custom_post_class":"","_genesis_layout":"","_jetpack_memberships_contains_paid_content":false,"footnotes":""},"categories":[22,7],"tags":[],"class_list":{"0":"post-100962","1":"post","2":"type-post","3":"status-publish","4":"format-standard","5":"has-post-thumbnail","7":"category-brasil","8":"category-economia","9":"entry","10":"gs-1","11":"gs-odd","12":"gs-even","13":"gs-featured-content-entry"},"jetpack_featured_media_url":"https:\/\/www.redenoticia.com.br\/noticia\/imagens\/analise-economia.jpg","jetpack_sharing_enabled":true,"jetpack_likes_enabled":true,"_links":{"self":[{"href":"https:\/\/www.redenoticia.com.br\/noticia\/wp-json\/wp\/v2\/posts\/100962","targetHints":{"allow":["GET"]}}],"collection":[{"href":"https:\/\/www.redenoticia.com.br\/noticia\/wp-json\/wp\/v2\/posts"}],"about":[{"href":"https:\/\/www.redenoticia.com.br\/noticia\/wp-json\/wp\/v2\/types\/post"}],"author":[{"embeddable":true,"href":"https:\/\/www.redenoticia.com.br\/noticia\/wp-json\/wp\/v2\/users\/2"}],"replies":[{"embeddable":true,"href":"https:\/\/www.redenoticia.com.br\/noticia\/wp-json\/wp\/v2\/comments?post=100962"}],"version-history":[{"count":0,"href":"https:\/\/www.redenoticia.com.br\/noticia\/wp-json\/wp\/v2\/posts\/100962\/revisions"}],"wp:featuredmedia":[{"embeddable":true,"href":"https:\/\/www.redenoticia.com.br\/noticia\/wp-json\/wp\/v2\/media\/57585"}],"wp:attachment":[{"href":"https:\/\/www.redenoticia.com.br\/noticia\/wp-json\/wp\/v2\/media?parent=100962"}],"wp:term":[{"taxonomy":"category","embeddable":true,"href":"https:\/\/www.redenoticia.com.br\/noticia\/wp-json\/wp\/v2\/categories?post=100962"},{"taxonomy":"post_tag","embeddable":true,"href":"https:\/\/www.redenoticia.com.br\/noticia\/wp-json\/wp\/v2\/tags?post=100962"}],"curies":[{"name":"wp","href":"https:\/\/api.w.org\/{rel}","templated":true}]}}