{"id":100960,"date":"2016-12-01T06:04:43","date_gmt":"2016-12-01T08:04:43","guid":{"rendered":"http:\/\/www.redenoticia.com.br\/noticia\/?p=100960"},"modified":"2016-11-30T15:44:59","modified_gmt":"2016-11-30T17:44:59","slug":"governo-federal-economiza-r-18-bilhao-em-despesas-administrativas-em-12-meses","status":"publish","type":"post","link":"https:\/\/www.redenoticia.com.br\/noticia\/2016\/governo-federal-economiza-r-18-bilhao-em-despesas-administrativas-em-12-meses\/100960","title":{"rendered":"Governo federal economiza R$ 1,8 bilh\u00e3o em despesas administrativas em 12 meses"},"content":{"rendered":"<p> Os <strong><em>gastos com a manuten\u00e7\u00e3o da m\u00e1quina p\u00fablica<\/em><\/strong> acumulam queda de 4,95%, descontada a infla\u00e7\u00e3o, nos 12 meses terminados em outubro. Em valores reais (corrigidos pela infla\u00e7\u00e3o), o recuo chega a R$ 1,838 bilh\u00e3o, segundo dados foram divulgados pelo Minist\u00e9rio do Planejamento.<\/p>\n<p>De janeiro a outubro, o Poder Executivo cortou os gastos administrativos em 3,15% em rela\u00e7\u00e3o ao mesmo per\u00edodo do ano passado, tamb\u00e9m descontada a infla\u00e7\u00e3o oficial pelo \u00cdndice Nacional de Pre\u00e7os ao Consumidor Amplo (IPCA). A redu\u00e7\u00e3o chega a R$ 688 milh\u00f5es em rela\u00e7\u00e3o ao mesmo per\u00edodo do ano passado, considerando a infla\u00e7\u00e3o.<\/p>\n<p>Segundo o Minist\u00e9rio do Planejamento, a maior queda real nos 12 meses encerrados em outubro foi registrada nos gastos com combust\u00edveis e lubrificantes, cuja despesa caiu 30,9% em termos reais. Em segundo lugar, ficaram as despesas com servi\u00e7os de telecomunica\u00e7\u00f5es, que ca\u00edram 28,1% na mesma compara\u00e7\u00e3o.<\/p>\n<p>Em terceiro lugar, est\u00e3o os gastos com passagens a\u00e9reas e locomo\u00e7\u00e3o, que tiveram queda real de 25,5% em 12 meses. De acordo com o Planejamento, essa despesa cai h\u00e1 23 meses seguidos ap\u00f3s a ado\u00e7\u00e3o da compra direta de passagens por \u00f3rg\u00e3os p\u00fablicos, sem a intermedia\u00e7\u00e3o de ag\u00eancias de turismo. Em quarto lugar, est\u00e3o os gastos com loca\u00e7\u00e3o de ve\u00edculos, com retra\u00e7\u00e3o real de 17,4%.<\/p>\n<p>Divulgado a cada tr\u00eas meses pelo Minist\u00e9rio do Planejamento, o Boletim de Custeio Administrativo traz atualiza\u00e7\u00f5es mensais das informa\u00e7\u00f5es sobre as despesas agrupadas em oito itens: servi\u00e7os de apoio, material de consumo, comunica\u00e7\u00e3o e processamento de dados, loca\u00e7\u00e3o e conserva\u00e7\u00e3o de bens im\u00f3veis, energia el\u00e9trica e \u00e1gua, loca\u00e7\u00e3o e conserva\u00e7\u00e3o de bens m\u00f3veis, di\u00e1rias e passagens e outros servi\u00e7os.<\/p>\n<p>Desses itens, apenas energia el\u00e9trica e outros servi\u00e7os \u2013 que engloba servi\u00e7os banc\u00e1rios e de consultorias \u2013 cresceram acima da infla\u00e7\u00e3o nos 12 meses terminados em outubro.<\/p>\n<p>Wellton M\u00e1ximo &#8211; Rep\u00f3rter da Ag\u00eancia Brasil<br \/>\nEdi\u00e7\u00e3o: Luana Louren\u00e7o<br \/>\n01\/12\/2016<\/p>\n","protected":false},"excerpt":{"rendered":"<p>Os gastos com a manuten\u00e7\u00e3o da m\u00e1quina p\u00fablica acumulam queda de 4,95%, descontada a infla\u00e7\u00e3o, nos 12 meses terminados em outubro. Em valores reais (corrigidos pela infla\u00e7\u00e3o), o recuo chega a R$ 1,838 bilh\u00e3o, segundo dados foram divulgados pelo Minist\u00e9rio do Planejamento. De janeiro a outubro, o Poder Executivo cortou os gastos administrativos em 3,15% [&hellip;]<\/p>\n","protected":false},"author":2,"featured_media":38938,"comment_status":"open","ping_status":"closed","sticky":false,"template":"","format":"standard","meta":{"_genesis_hide_title":false,"_genesis_hide_breadcrumbs":false,"_genesis_hide_singular_image":false,"_genesis_hide_footer_widgets":false,"_genesis_custom_body_class":"","_genesis_custom_post_class":"","_genesis_layout":"","_jetpack_memberships_contains_paid_content":false,"footnotes":""},"categories":[22,7],"tags":[],"class_list":{"0":"post-100960","1":"post","2":"type-post","3":"status-publish","4":"format-standard","5":"has-post-thumbnail","7":"category-brasil","8":"category-economia","9":"entry","10":"gs-1","11":"gs-odd","12":"gs-even","13":"gs-featured-content-entry"},"jetpack_featured_media_url":"https:\/\/www.redenoticia.com.br\/noticia\/imagens\/economia1.jpg","jetpack_sharing_enabled":true,"jetpack_likes_enabled":true,"_links":{"self":[{"href":"https:\/\/www.redenoticia.com.br\/noticia\/wp-json\/wp\/v2\/posts\/100960","targetHints":{"allow":["GET"]}}],"collection":[{"href":"https:\/\/www.redenoticia.com.br\/noticia\/wp-json\/wp\/v2\/posts"}],"about":[{"href":"https:\/\/www.redenoticia.com.br\/noticia\/wp-json\/wp\/v2\/types\/post"}],"author":[{"embeddable":true,"href":"https:\/\/www.redenoticia.com.br\/noticia\/wp-json\/wp\/v2\/users\/2"}],"replies":[{"embeddable":true,"href":"https:\/\/www.redenoticia.com.br\/noticia\/wp-json\/wp\/v2\/comments?post=100960"}],"version-history":[{"count":0,"href":"https:\/\/www.redenoticia.com.br\/noticia\/wp-json\/wp\/v2\/posts\/100960\/revisions"}],"wp:featuredmedia":[{"embeddable":true,"href":"https:\/\/www.redenoticia.com.br\/noticia\/wp-json\/wp\/v2\/media\/38938"}],"wp:attachment":[{"href":"https:\/\/www.redenoticia.com.br\/noticia\/wp-json\/wp\/v2\/media?parent=100960"}],"wp:term":[{"taxonomy":"category","embeddable":true,"href":"https:\/\/www.redenoticia.com.br\/noticia\/wp-json\/wp\/v2\/categories?post=100960"},{"taxonomy":"post_tag","embeddable":true,"href":"https:\/\/www.redenoticia.com.br\/noticia\/wp-json\/wp\/v2\/tags?post=100960"}],"curies":[{"name":"wp","href":"https:\/\/api.w.org\/{rel}","templated":true}]}}