{"id":100956,"date":"2016-12-01T06:02:10","date_gmt":"2016-12-01T08:02:10","guid":{"rendered":"http:\/\/www.redenoticia.com.br\/noticia\/?p=100956"},"modified":"2016-11-30T15:41:18","modified_gmt":"2016-11-30T17:41:18","slug":"pos-doutorado-em-neuroimagem-com-bolsa-da-fapesp","status":"publish","type":"post","link":"https:\/\/www.redenoticia.com.br\/noticia\/2016\/pos-doutorado-em-neuroimagem-com-bolsa-da-fapesp\/100956","title":{"rendered":"P\u00f3s-doutorado em Neuroimagem com Bolsa da FAPESP"},"content":{"rendered":"<p> Ag\u00eancia FAPESP \u2013 O Projeto Tem\u00e1tico  oferece oportunidade de <strong><em>p\u00f3s-doutoramento na Faculdade de Medicina da USP<\/em><\/strong>, com Bolsa da FAPESP.<\/p>\n<p>Busca-se profissional que tenha experi\u00eancia no uso de programas computacionais para an\u00e1lise de dados de neuroimagem. Interessados podem submeter candidaturas at\u00e9 6 de dezembro de 2016.<\/p>\n<p>O selecionado trabalhar\u00e1 na an\u00e1lise de dados de conectividade funcional do c\u00e9rebro humano, com processamento de dados de resson\u00e2ncia magn\u00e9tica funcional de repouso (RMf-r).<\/p>\n<p>\u201cImagens de RMf-r de idosos cognitivamente normais e de pacientes com doen\u00e7a de Alzheimer e comprometimento cognitivo leve (CCL) ser\u00e3o pr\u00e9-processadas usando o software Analysis of Functional NeuroImages (AFNI), e o processamento propriamente dito ser\u00e1 feito utilizando programas baseados em Matlab\u201d, explica o professor Geraldo Busatto Filho, coordenador do projeto.<\/p>\n<p>O trabalho envolver\u00e1 tamb\u00e9m o uso de software para avaliar a acur\u00e1cia diagn\u00f3stica entre DA, CCL e idosos com cogni\u00e7\u00e3o normal para gerar classificadores multivariados baseados em t\u00e9cnicas de aprendizado de m\u00e1quina (support vector machine).<\/p>\n<p>\u201cCom essa descri\u00e7\u00e3o esperamos identificar quais s\u00e3o as caracter\u00edsticas das conex\u00f5es cerebrais cr\u00edticas para a progress\u00e3o cl\u00ednica de cogni\u00e7\u00e3o normal para CCL e finalmente para doen\u00e7a de Alzheimer\u201d, disse.<\/p>\n<p>O candidato dever\u00e1 ter conhecimentos sobre coleta e an\u00e1lise de dados de RMf-r e outras modalidades de neuroimagem. \u201cA capacidade em realizar, de forma aut\u00f4noma, an\u00e1lise e organiza\u00e7\u00e3o de dados, intera\u00e7\u00e3o com os outros pesquisadores envolvidos no projeto e elabora\u00e7\u00e3o de manuscritos determinar\u00e1 um incremento quantitativo e qualitativo na produtividade cient\u00edfica do Projeto Tem\u00e1tico\u201d, disse Busatto.<\/p>\n<p>O bolsista tamb\u00e9m ter\u00e1 a oportunidade de interagir com pesquisadores que se encontram na vanguarda das tecnologias de imageamento amiloide e poder\u00e1 trabalhar com dados adquiridos nos mesmos indiv\u00edduos idosos usando tanto essa modalidade quanto a modalidade de RMf-r. Al\u00e9m disso, colocar\u00e1 em pr\u00e1tica habilidades de an\u00e1lise de dados em um projeto desafiador e com a tarefa adicional de estabelecer pipelines otimizados para processamento de dados de RMf-r.<\/p>\n<p>Candidatos devem enviar mensagem para neuroimagem.ipq@hc.fm.usp.br, com curriculum vitae e carta de recomenda\u00e7\u00e3o.<\/p>\n<p>Mais informa\u00e7\u00f5es sobre a oportunidade: .<\/p>\n<p>A vaga est\u00e1 aberta a brasileiros e estrangeiros. O selecionado receber\u00e1 Bolsa de P\u00f3s-Doutorado da FAPESP no valor de R$ 6.819,30 mensais e Reserva T\u00e9cnica. A Reserva T\u00e9cnica de Bolsa de PD equivale a 15% do valor anual da bolsa e tem o objetivo de atender a despesas imprevistas e diretamente relacionadas \u00e0 atividade de pesquisa.<\/p>\n<p>Caso o bolsista de PD resida em domic\u00edlio diferente e precise se mudar para a cidade onde se localiza a institui\u00e7\u00e3o-sede da pesquisa, poder\u00e1 ter direito a um Aux\u00edlio-Instala\u00e7\u00e3o. Mais informa\u00e7\u00f5es sobre a Bolsa de P\u00f3s-Doutorado da FAPESP est\u00e3o dispon\u00edveis em .<\/p>\n<p>Treinamento T\u00e9cnico<\/p>\n<p>O Projeto Tem\u00e1tico tamb\u00e9m oferece uma Bolsa de Treinamento T\u00e9cnico (TT-3) da FAPESP. Busca-se profissional que tenha interesse em treinamento na coleta e processamento de dados de neuroimagem usando m\u00e9todos computacionais automatizados para aplica\u00e7\u00e3o em estudos de pesquisa sobre a anatomia e o funcionamento do c\u00e9rebro humano em envelhecimento.<\/p>\n<p>Mais informa\u00e7\u00f5es: .<\/p>\n<p>Outras vagas de bolsas, em diversas \u00e1reas do conhecimento, est\u00e3o no site FAPESP-Oportunidades, em .<\/p>\n","protected":false},"excerpt":{"rendered":"<p>Ag\u00eancia FAPESP \u2013 O Projeto Tem\u00e1tico oferece oportunidade de p\u00f3s-doutoramento na Faculdade de Medicina da USP, com Bolsa da FAPESP. Busca-se profissional que tenha experi\u00eancia no uso de programas computacionais para an\u00e1lise de dados de neuroimagem. Interessados podem submeter candidaturas at\u00e9 6 de dezembro de 2016. O selecionado trabalhar\u00e1 na an\u00e1lise de dados de conectividade [&hellip;]<\/p>\n","protected":false},"author":2,"featured_media":37419,"comment_status":"open","ping_status":"closed","sticky":false,"template":"","format":"standard","meta":{"_genesis_hide_title":false,"_genesis_hide_breadcrumbs":false,"_genesis_hide_singular_image":false,"_genesis_hide_footer_widgets":false,"_genesis_custom_body_class":"","_genesis_custom_post_class":"","_genesis_layout":"","_jetpack_memberships_contains_paid_content":false,"footnotes":""},"categories":[22,370,353],"tags":[],"class_list":{"0":"post-100956","1":"post","2":"type-post","3":"status-publish","4":"format-standard","5":"has-post-thumbnail","7":"category-brasil","8":"category-inscricao","9":"category-oportunidades","10":"entry","11":"gs-1","12":"gs-odd","13":"gs-even","14":"gs-featured-content-entry"},"jetpack_featured_media_url":"https:\/\/www.redenoticia.com.br\/noticia\/imagens\/computador-tecnologia.jpg","jetpack_sharing_enabled":true,"jetpack_likes_enabled":true,"_links":{"self":[{"href":"https:\/\/www.redenoticia.com.br\/noticia\/wp-json\/wp\/v2\/posts\/100956","targetHints":{"allow":["GET"]}}],"collection":[{"href":"https:\/\/www.redenoticia.com.br\/noticia\/wp-json\/wp\/v2\/posts"}],"about":[{"href":"https:\/\/www.redenoticia.com.br\/noticia\/wp-json\/wp\/v2\/types\/post"}],"author":[{"embeddable":true,"href":"https:\/\/www.redenoticia.com.br\/noticia\/wp-json\/wp\/v2\/users\/2"}],"replies":[{"embeddable":true,"href":"https:\/\/www.redenoticia.com.br\/noticia\/wp-json\/wp\/v2\/comments?post=100956"}],"version-history":[{"count":0,"href":"https:\/\/www.redenoticia.com.br\/noticia\/wp-json\/wp\/v2\/posts\/100956\/revisions"}],"wp:featuredmedia":[{"embeddable":true,"href":"https:\/\/www.redenoticia.com.br\/noticia\/wp-json\/wp\/v2\/media\/37419"}],"wp:attachment":[{"href":"https:\/\/www.redenoticia.com.br\/noticia\/wp-json\/wp\/v2\/media?parent=100956"}],"wp:term":[{"taxonomy":"category","embeddable":true,"href":"https:\/\/www.redenoticia.com.br\/noticia\/wp-json\/wp\/v2\/categories?post=100956"},{"taxonomy":"post_tag","embeddable":true,"href":"https:\/\/www.redenoticia.com.br\/noticia\/wp-json\/wp\/v2\/tags?post=100956"}],"curies":[{"name":"wp","href":"https:\/\/api.w.org\/{rel}","templated":true}]}}