{"id":100943,"date":"2016-11-30T06:07:23","date_gmt":"2016-11-30T08:07:23","guid":{"rendered":"http:\/\/www.redenoticia.com.br\/noticia\/?p=100943"},"modified":"2016-11-30T04:52:31","modified_gmt":"2016-11-30T06:52:31","slug":"familias-farao-reconhecimento-de-corpos-em-sp-e-nao-precisarao-ir-a-colombia","status":"publish","type":"post","link":"https:\/\/www.redenoticia.com.br\/noticia\/2016\/familias-farao-reconhecimento-de-corpos-em-sp-e-nao-precisarao-ir-a-colombia\/100943","title":{"rendered":"Fam\u00edlias far\u00e3o reconhecimento de corpos em SP e n\u00e3o precisar\u00e3o ir \u00e0 Col\u00f4mbia"},"content":{"rendered":"<p> O presidente da Comiss\u00e3o Nacional de M\u00e9dicos de Futebol (CNMF) da Confedera\u00e7\u00e3o Brasileira de Futebol (CBF), Jorge Pagura, informou que o reconhecimento dos corpos do acidente a\u00e9reo com time da Chapecoense na Col\u00f4mbia ser\u00e1 realizado no IML da capital paulista.<\/p>\n<p>Segundo o m\u00e9dico, um acordo entre os governos brasileiro e colombiano vai permitir que os corpos sejam liberados para o traslado ao Brasil apenas por meio de uma identifica\u00e7\u00e3o preliminar feita pelos m\u00e9dicos e pela equipe da Chapecoense.<\/p>\n<p>De acordo com ele, os familiares n\u00e3o precisar\u00e3o mais se dirigir ao pa\u00eds vizinho, evitando ainda mais desgaste emocional. O avi\u00e3o com familiares dos atletas da Chapecoense, v\u00edtimas do acidente, tinha previs\u00e3o de decolar da cidade catarinense por volta das 17h, com destino a Guarulhos, de onde seguiria para Medell\u00edn (COL). \u201cComo n\u00e3o houve a carboniza\u00e7\u00e3o dos corpos, existe uma facilidade de que o reconhecimento seja feito a partir de prontu\u00e1rios m\u00e9dicos que est\u00e3o sendo encaminhados para l\u00e1\u201d, disse Padura.<\/p>\n<p>O m\u00e9dico acredita que, com esse acordo intergovernamental, a libera\u00e7\u00e3o dos corpos da Col\u00f4mbia dever\u00e1 ocorrer de maneira mais r\u00e1pida. Ele, no entanto, n\u00e3o soube precisar quando o reconhecimento come\u00e7ar\u00e1 a ser realizado em S\u00e3o Paulo.<\/p>\n<p>Acidente<\/p>\n<p>Um avi\u00e3o que levava o time da Chapecoense, de Santa Catarina, caiu na Col\u00f4mbia na madrugada de 29\/11. A equipe seguia para Medell\u00edn, onde disputaria a primeira partida da final da Copa Sul-Americana contra o Atl\u00e9tico Nacional da Col\u00f4mbia.<\/p>\n<p>Mais de 70 pessoas morreram e seis seguem internadas ap\u00f3s a queda da aeronave que transportava a delega\u00e7\u00e3o, a 30 quil\u00f4metros de Medell\u00edn. Al\u00e9m dos atletas, 21 jornalistas brasileiros que acompanhavam o time tamb\u00e9m estavam no avi\u00e3o.<\/p>\n<p>O ministro dos Transportes da Col\u00f4mbia, Jorge Eduardo Rojas, confirmou que as equipes de busca localizaram as duas caixas-pretas do avi\u00e3o acidentado, em entrevista coletiva nesta tarde. \u201cSim, j\u00e1 foram encontradas as caixas-pretas. E elas n\u00e3o tem nenhuma perda. Vamos saber tudo que se passou\u201d, disse aos jornalistas no local.<\/p>\n<p>Bruno Bocchini \u2013 Rep\u00f3rter da Ag\u00eancia Brasil<br \/>\nEdi\u00e7\u00e3o: Amanda Cieglinski<br \/>\n30\/11\/2016<\/p>\n","protected":false},"excerpt":{"rendered":"<p>O presidente da Comiss\u00e3o Nacional de M\u00e9dicos de Futebol (CNMF) da Confedera\u00e7\u00e3o Brasileira de Futebol (CBF), Jorge Pagura, informou que o reconhecimento dos corpos do acidente a\u00e9reo com time da Chapecoense na Col\u00f4mbia ser\u00e1 realizado no IML da capital paulista. Segundo o m\u00e9dico, um acordo entre os governos brasileiro e colombiano vai permitir que os [&hellip;]<\/p>\n","protected":false},"author":2,"featured_media":0,"comment_status":"open","ping_status":"closed","sticky":false,"template":"","format":"standard","meta":{"_genesis_hide_title":false,"_genesis_hide_breadcrumbs":false,"_genesis_hide_singular_image":false,"_genesis_hide_footer_widgets":false,"_genesis_custom_body_class":"","_genesis_custom_post_class":"","_genesis_layout":"","_jetpack_memberships_contains_paid_content":false,"footnotes":""},"categories":[22],"tags":[],"class_list":{"0":"post-100943","1":"post","2":"type-post","3":"status-publish","4":"format-standard","6":"category-brasil","7":"entry","8":"gs-1","9":"gs-odd","10":"gs-even","11":"gs-featured-content-entry"},"jetpack_featured_media_url":"","jetpack_sharing_enabled":true,"jetpack_likes_enabled":true,"_links":{"self":[{"href":"https:\/\/www.redenoticia.com.br\/noticia\/wp-json\/wp\/v2\/posts\/100943","targetHints":{"allow":["GET"]}}],"collection":[{"href":"https:\/\/www.redenoticia.com.br\/noticia\/wp-json\/wp\/v2\/posts"}],"about":[{"href":"https:\/\/www.redenoticia.com.br\/noticia\/wp-json\/wp\/v2\/types\/post"}],"author":[{"embeddable":true,"href":"https:\/\/www.redenoticia.com.br\/noticia\/wp-json\/wp\/v2\/users\/2"}],"replies":[{"embeddable":true,"href":"https:\/\/www.redenoticia.com.br\/noticia\/wp-json\/wp\/v2\/comments?post=100943"}],"version-history":[{"count":0,"href":"https:\/\/www.redenoticia.com.br\/noticia\/wp-json\/wp\/v2\/posts\/100943\/revisions"}],"wp:attachment":[{"href":"https:\/\/www.redenoticia.com.br\/noticia\/wp-json\/wp\/v2\/media?parent=100943"}],"wp:term":[{"taxonomy":"category","embeddable":true,"href":"https:\/\/www.redenoticia.com.br\/noticia\/wp-json\/wp\/v2\/categories?post=100943"},{"taxonomy":"post_tag","embeddable":true,"href":"https:\/\/www.redenoticia.com.br\/noticia\/wp-json\/wp\/v2\/tags?post=100943"}],"curies":[{"name":"wp","href":"https:\/\/api.w.org\/{rel}","templated":true}]}}