{"id":100864,"date":"2016-11-30T06:10:37","date_gmt":"2016-11-30T08:10:37","guid":{"rendered":"http:\/\/www.redenoticia.com.br\/noticia\/?p=100864"},"modified":"2016-11-29T08:04:30","modified_gmt":"2016-11-29T10:04:30","slug":"projecao-para-inflacao-cai-para-672-este-ano","status":"publish","type":"post","link":"https:\/\/www.redenoticia.com.br\/noticia\/2016\/projecao-para-inflacao-cai-para-672-este-ano\/100864","title":{"rendered":"Proje\u00e7\u00e3o para infla\u00e7\u00e3o cai para 6,72% este ano"},"content":{"rendered":"<p> Institui\u00e7\u00f5es financeiras consultadas pelo Banco Central (BC) reduziram a proje\u00e7\u00e3o de <strong><em>infla\u00e7\u00e3o<\/em><\/strong> pela terceira vez seguida. A estimativa de infla\u00e7\u00e3o, medida pelo \u00cdndice Nacional de Pre\u00e7os ao Consumidor Amplo (IPCA), caiu de 6,80% para 6,72%. Para 2017, a estimativa \u00e9 mantida em 4,93% h\u00e1 duas semanas. As estimativas fazem parte de pesquisa feita pelo BC ao mercado financeiro sobre os principais indicadores econ\u00f4micos.<\/p>\n<p>As proje\u00e7\u00f5es ultrapassam o centro da meta que \u00e9 de 4,5%. O teto da meta \u00e9 6,5% este ano, e 6% em 2017.<\/p>\n<p>A proje\u00e7\u00e3o de institui\u00e7\u00f5es financeiras para a queda da economia (Produto Interno Bruto \u2013 PIB \u2013 a soma de todas as riquezas produzidas pelo pa\u00eds), este ano, piorou ao passar de 3,40% para 3,49%. Para 2017, a expectativa de crescimento foi alterada de 1% para 0,98%.<\/p>\n<p>Reuni\u00e3o do Copom<\/p>\n<p>O Comit\u00ea de Pol\u00edtica Monet\u00e1ria (Copom) do BC re\u00fane-se amanh\u00e3 e na quarta-feira (30) para definir a taxa b\u00e1sica de juros, a Selic. A expectativa \u00e9 que d\u00ea continuidade ao ciclo de cortes na Selic, com redu\u00e7\u00e3o da taxa dos atuais 14% ao ano para 13,75% ao ano. Para o final de 2017, a expectativa para a Selic \u00e9 10,75% ao ano.<\/p>\n<p>A taxa \u00e9 usada nas negocia\u00e7\u00f5es de t\u00edtulos p\u00fablicos no Sistema Especial de Liquida\u00e7\u00e3o e Cust\u00f3dia (Selic) e serve como refer\u00eancia para as demais taxas de juros da economia.<\/p>\n<p>Ao reajust\u00e1-la para cima, o BC cont\u00e9m o excesso de demanda que pressiona os pre\u00e7os, porque os juros mais altos encarecem o cr\u00e9dito e estimulam a poupan\u00e7a. Quando reduz os juros b\u00e1sicos, o Copom barateia o cr\u00e9dito e incentiva a produ\u00e7\u00e3o e o consumo, mas alivia o controle sobre a infla\u00e7\u00e3o.<\/p>\n<p>Kelly Oliveira &#8211; Rep\u00f3rter da Ag\u00eancia Brasil<br \/>\nEdi\u00e7\u00e3o: Kleber Sampaio<br \/>\n30\/11\/2016 <\/p>\n","protected":false},"excerpt":{"rendered":"<p>Institui\u00e7\u00f5es financeiras consultadas pelo Banco Central (BC) reduziram a proje\u00e7\u00e3o de infla\u00e7\u00e3o pela terceira vez seguida. A estimativa de infla\u00e7\u00e3o, medida pelo \u00cdndice Nacional de Pre\u00e7os ao Consumidor Amplo (IPCA), caiu de 6,80% para 6,72%. Para 2017, a estimativa \u00e9 mantida em 4,93% h\u00e1 duas semanas. As estimativas fazem parte de pesquisa feita pelo BC [&hellip;]<\/p>\n","protected":false},"author":2,"featured_media":57584,"comment_status":"open","ping_status":"closed","sticky":false,"template":"","format":"standard","meta":{"_genesis_hide_title":false,"_genesis_hide_breadcrumbs":false,"_genesis_hide_singular_image":false,"_genesis_hide_footer_widgets":false,"_genesis_custom_body_class":"","_genesis_custom_post_class":"","_genesis_layout":"","_jetpack_memberships_contains_paid_content":false,"footnotes":""},"categories":[22,7],"tags":[],"class_list":{"0":"post-100864","1":"post","2":"type-post","3":"status-publish","4":"format-standard","5":"has-post-thumbnail","7":"category-brasil","8":"category-economia","9":"entry","10":"gs-1","11":"gs-odd","12":"gs-even","13":"gs-featured-content-entry"},"jetpack_featured_media_url":"https:\/\/www.redenoticia.com.br\/noticia\/imagens\/economia-grafica-analise-inflacao.jpg","jetpack_sharing_enabled":true,"jetpack_likes_enabled":true,"_links":{"self":[{"href":"https:\/\/www.redenoticia.com.br\/noticia\/wp-json\/wp\/v2\/posts\/100864","targetHints":{"allow":["GET"]}}],"collection":[{"href":"https:\/\/www.redenoticia.com.br\/noticia\/wp-json\/wp\/v2\/posts"}],"about":[{"href":"https:\/\/www.redenoticia.com.br\/noticia\/wp-json\/wp\/v2\/types\/post"}],"author":[{"embeddable":true,"href":"https:\/\/www.redenoticia.com.br\/noticia\/wp-json\/wp\/v2\/users\/2"}],"replies":[{"embeddable":true,"href":"https:\/\/www.redenoticia.com.br\/noticia\/wp-json\/wp\/v2\/comments?post=100864"}],"version-history":[{"count":0,"href":"https:\/\/www.redenoticia.com.br\/noticia\/wp-json\/wp\/v2\/posts\/100864\/revisions"}],"wp:featuredmedia":[{"embeddable":true,"href":"https:\/\/www.redenoticia.com.br\/noticia\/wp-json\/wp\/v2\/media\/57584"}],"wp:attachment":[{"href":"https:\/\/www.redenoticia.com.br\/noticia\/wp-json\/wp\/v2\/media?parent=100864"}],"wp:term":[{"taxonomy":"category","embeddable":true,"href":"https:\/\/www.redenoticia.com.br\/noticia\/wp-json\/wp\/v2\/categories?post=100864"},{"taxonomy":"post_tag","embeddable":true,"href":"https:\/\/www.redenoticia.com.br\/noticia\/wp-json\/wp\/v2\/tags?post=100864"}],"curies":[{"name":"wp","href":"https:\/\/api.w.org\/{rel}","templated":true}]}}