{"id":100862,"date":"2016-11-30T06:09:55","date_gmt":"2016-11-30T08:09:55","guid":{"rendered":"http:\/\/www.redenoticia.com.br\/noticia\/?p=100862"},"modified":"2016-11-29T08:03:31","modified_gmt":"2016-11-29T10:03:31","slug":"com-repatriacao-setor-publico-tem-superavit-primario-recorde-de-r-395-bi","status":"publish","type":"post","link":"https:\/\/www.redenoticia.com.br\/noticia\/2016\/com-repatriacao-setor-publico-tem-superavit-primario-recorde-de-r-395-bi\/100862","title":{"rendered":"Com repatria\u00e7\u00e3o, setor p\u00fablico tem super\u00e1vit prim\u00e1rio recorde de R$ 39,5 bi"},"content":{"rendered":"<p> Depois de cinco meses seguidos de <strong><em>contas p\u00fablicas<\/em><\/strong> com resultados negativos, o setor p\u00fablico voltou a registrar super\u00e1vit prim\u00e1rio em outubro. A Uni\u00e3o, os estados e os munic\u00edpios registraram super\u00e1vit prim\u00e1rio, receitas menos despesas, sem considerar os gastos com juros, de R$ 39,589 bilh\u00f5es, em outubro, informou o Banco Central (BC). Foi o maior super\u00e1vit prim\u00e1rio mensal j\u00e1 anotado na s\u00e9rie hist\u00f3rica do BC, iniciada em dezembro de 2001.<\/p>\n<p>O resultado do m\u00eas passado foi influenciado pela arrecada\u00e7\u00e3o com o programa de regulariza\u00e7\u00e3o de ativos n\u00e3o declarados \u00e0 Receita, conhecido como Lei da Repatria\u00e7\u00e3o. Para regularizar os recursos, o contribuinte teve que pagar 15% de Imposto de Renda e 15% de multa, totalizando 30% do valor regularizado.<\/p>\n<p>Em outubro deste ano, o Governo Central (Previd\u00eancia, Banco Central e Tesouro Nacional) teve super\u00e1vit prim\u00e1rio de R$ 39,127 bilh\u00f5es. Os governos estaduais tamb\u00e9m apresentaram resultado positivo, com super\u00e1vit prim\u00e1rio de R$ 271 milh\u00f5es, e os municipais, super\u00e1vit de R$ 24 milh\u00f5es.<\/p>\n<p>As empresas estatais federais, estaduais e municipais, exclu\u00eddas companhias dos grupos Petrobras e Eletrobras, tiveram super\u00e1vit prim\u00e1rio de R$ 166 milh\u00f5es no m\u00eas passado.<\/p>\n<p>Em dez meses, d\u00e9ficit prim\u00e1rio \u00e9 de R$ 45,912 bi<\/p>\n<p>No acumulado do ano, o resultado \u00e9 negativo. Em dez meses, o d\u00e9ficit prim\u00e1rio \u00e9 de R$ 45,912 bilh\u00f5es contra o resultado negativo de R$ 19,953 bilh\u00f5es em igual per\u00edodo de 2015.<\/p>\n<p>\u201cO resultado do programa foi importante pra o resultado prim\u00e1rio, mas n\u00e3o reverteu a tend\u00eancia que vinhamos observando ao longo deste ano de ter d\u00e9ficits fiscais prim\u00e1rios crescentes\u201d, disse o chefe adjunto do Departamento Econ\u00f4mico do BC, Fernando Rocha.<\/p>\n<p>Em 12 meses encerrados em outubro, o d\u00e9ficit prim\u00e1rio ficou em R$ 137,208 bilh\u00f5es, o que corresponde a 2,23% do Produto Interno Bruto (PIB), a soma de todos os bens e servi\u00e7os produzidos no pa\u00eds.<\/p>\n<p>Os gastos com juros nominais ficaram em R$ 36,205 bilh\u00f5es em outubro, R$ 331,238 bilh\u00f5es em dez meses e em R$ 406,821 bilh\u00f5es em 12 meses.<\/p>\n<p>Em outubro, o setor p\u00fablico registrou super\u00e1vit nominal &#8211; formado pelo resultado prim\u00e1rio e os resultados de juros \u2013 de R$ 3,384 bilh\u00f5es. Esse foi o primeiro resultado nominal positivo desde abril de 2015, quando foram anotados R$ 11,232 bilh\u00f5es.<\/p>\n<p>Nos dez meses do ano, o d\u00e9ficit nominal chegou a R$ 377,151 bilh\u00f5es e, em 12 meses, a R$ 544,029 bilh\u00f5es, que correspondem a 8,83% do PIB.<\/p>\n<p>A d\u00edvida l\u00edquida do setor p\u00fablico &#8211; balan\u00e7o entre o total de cr\u00e9ditos e d\u00e9bitos dos governos federal, estaduais e municipais \u2013 somou R$ 2,722 trilh\u00f5es em outubro, o que corresponde a 44,2% do PIB, com alta de 0,1 ponto percentual em rela\u00e7\u00e3o ao m\u00eas anterior. A d\u00edvida bruta (contabiliza apenas os passivos dos governos federal, estaduais e municipais) chegou a R$ 4,330 trilh\u00f5es ou 70,3% do PIB, com redu\u00e7\u00e3o de 0,4 ponto percentual em rela\u00e7\u00e3o a setembro.<\/p>\n<p>De acordo com Rocha, a d\u00edvida bruta em rela\u00e7\u00e3o ao PIB deve cair cerca de 1,6 ponto percentual, com o pagamento R$ 100 bilh\u00f5es do Banco Nacional de Desenvolvimento Econ\u00f4mico e Social (BNDES) ao Tesouro Nacional, este ano. Em anos anteriores, o BNDES recebeu aportes do Tesouro Nacional para conceder empr\u00e9stimos ao setor produtivo e agora o governo anunciou o retorno de parte desse dinheiro.<\/p>\n<p>Kelly Oliveira &#8211; Rep\u00f3rter da Ag\u00eancia Brasil<br \/>\nEdi\u00e7\u00e3o: Kleber Sampaio<br \/>\n30\/11\/2016<\/p>\n","protected":false},"excerpt":{"rendered":"<p>Depois de cinco meses seguidos de contas p\u00fablicas com resultados negativos, o setor p\u00fablico voltou a registrar super\u00e1vit prim\u00e1rio em outubro. A Uni\u00e3o, os estados e os munic\u00edpios registraram super\u00e1vit prim\u00e1rio, receitas menos despesas, sem considerar os gastos com juros, de R$ 39,589 bilh\u00f5es, em outubro, informou o Banco Central (BC). Foi o maior super\u00e1vit [&hellip;]<\/p>\n","protected":false},"author":2,"featured_media":40734,"comment_status":"open","ping_status":"closed","sticky":false,"template":"","format":"standard","meta":{"_genesis_hide_title":false,"_genesis_hide_breadcrumbs":false,"_genesis_hide_singular_image":false,"_genesis_hide_footer_widgets":false,"_genesis_custom_body_class":"","_genesis_custom_post_class":"","_genesis_layout":"","_jetpack_memberships_contains_paid_content":false,"footnotes":""},"categories":[22,7],"tags":[],"class_list":{"0":"post-100862","1":"post","2":"type-post","3":"status-publish","4":"format-standard","5":"has-post-thumbnail","7":"category-brasil","8":"category-economia","9":"entry","10":"gs-1","11":"gs-odd","12":"gs-even","13":"gs-featured-content-entry"},"jetpack_featured_media_url":"https:\/\/www.redenoticia.com.br\/noticia\/imagens\/economia-resultados.jpg","jetpack_sharing_enabled":true,"jetpack_likes_enabled":true,"_links":{"self":[{"href":"https:\/\/www.redenoticia.com.br\/noticia\/wp-json\/wp\/v2\/posts\/100862","targetHints":{"allow":["GET"]}}],"collection":[{"href":"https:\/\/www.redenoticia.com.br\/noticia\/wp-json\/wp\/v2\/posts"}],"about":[{"href":"https:\/\/www.redenoticia.com.br\/noticia\/wp-json\/wp\/v2\/types\/post"}],"author":[{"embeddable":true,"href":"https:\/\/www.redenoticia.com.br\/noticia\/wp-json\/wp\/v2\/users\/2"}],"replies":[{"embeddable":true,"href":"https:\/\/www.redenoticia.com.br\/noticia\/wp-json\/wp\/v2\/comments?post=100862"}],"version-history":[{"count":0,"href":"https:\/\/www.redenoticia.com.br\/noticia\/wp-json\/wp\/v2\/posts\/100862\/revisions"}],"wp:featuredmedia":[{"embeddable":true,"href":"https:\/\/www.redenoticia.com.br\/noticia\/wp-json\/wp\/v2\/media\/40734"}],"wp:attachment":[{"href":"https:\/\/www.redenoticia.com.br\/noticia\/wp-json\/wp\/v2\/media?parent=100862"}],"wp:term":[{"taxonomy":"category","embeddable":true,"href":"https:\/\/www.redenoticia.com.br\/noticia\/wp-json\/wp\/v2\/categories?post=100862"},{"taxonomy":"post_tag","embeddable":true,"href":"https:\/\/www.redenoticia.com.br\/noticia\/wp-json\/wp\/v2\/tags?post=100862"}],"curies":[{"name":"wp","href":"https:\/\/api.w.org\/{rel}","templated":true}]}}