{"id":100860,"date":"2016-11-30T06:08:41","date_gmt":"2016-11-30T08:08:41","guid":{"rendered":"http:\/\/www.redenoticia.com.br\/noticia\/?p=100860"},"modified":"2016-11-29T08:00:50","modified_gmt":"2016-11-29T10:00:50","slug":"confianca-do-consumidor-cai-11-de-outubro-para-novembro-diz-cni","status":"publish","type":"post","link":"https:\/\/www.redenoticia.com.br\/noticia\/2016\/confianca-do-consumidor-cai-11-de-outubro-para-novembro-diz-cni\/100860","title":{"rendered":"Confian\u00e7a do consumidor cai 1,1% de outubro para novembro, diz CNI"},"content":{"rendered":"<p> Depois de quatro meses consecutivos de alta, o <strong><em>\u00cdndice Nacional de Expectativa do Consumidor<\/em><\/strong> (Inec) caiu para 103,2 pontos em novembro, informou a Confedera\u00e7\u00e3o Nacional da Ind\u00fastria (CNI). O valor \u00e9 1,1% menor do que o de outubro e est\u00e1 5,2% abaixo da m\u00e9dia hist\u00f3rica, de 108,8 pontos.<\/p>\n<p>Segundo a CNI, a queda na confian\u00e7a dos brasileiros \u00e9 resultado, especialmente, do aumento do pessimismo em rela\u00e7\u00e3o \u00e0 evolu\u00e7\u00e3o dos pre\u00e7os. O \u00edndice de expectativa de infla\u00e7\u00e3o caiu 5,6% em novembro na compara\u00e7\u00e3o com outubro. Quanto menor os \u00edndices de expectativa, maior \u00e9 o n\u00famero de pessoas que esperam o aumento da infla\u00e7\u00e3o e do desemprego, a piora da renda pessoal e que percebem piora da situa\u00e7\u00e3o financeira.<\/p>\n<p>O indicador de expectativas sobre o desemprego diminuiu 0,8%, o de renda pessoal recuou 2,6% e o de situa\u00e7\u00e3o financeira teve queda da 1,7% neste m\u00eas em rela\u00e7\u00e3o a outubro.<\/p>\n<p>Mesmo assim, os brasileiros est\u00e3o mais propensos a fazer compras de maior valor, com a proximidade do pegamento do d\u00e9cimo terceiro sal\u00e1rio. O indicador de expectativas de compra de bens de maior valor, como carros, m\u00f3veis e eletr\u00f4nicos, aumentou 2% em novembro no comparativo com outubro. Mas est\u00e1 0,2% abaixo do registrado em novembro de 2015.<\/p>\n<p>Esta edi\u00e7\u00e3o do Inec, feita em parceria com o Ibope, ouviu 2.002 pessoas, entre os dias 10 a 14 de novembro.<\/p>\n<p>Da Ag\u00eancia Brasil<br \/>\nEdi\u00e7\u00e3o: Juliana Andrade<br \/>\n30\/11\/2016<\/p>\n","protected":false},"excerpt":{"rendered":"<p>Depois de quatro meses consecutivos de alta, o \u00cdndice Nacional de Expectativa do Consumidor (Inec) caiu para 103,2 pontos em novembro, informou a Confedera\u00e7\u00e3o Nacional da Ind\u00fastria (CNI). O valor \u00e9 1,1% menor do que o de outubro e est\u00e1 5,2% abaixo da m\u00e9dia hist\u00f3rica, de 108,8 pontos. Segundo a CNI, a queda na confian\u00e7a [&hellip;]<\/p>\n","protected":false},"author":2,"featured_media":57585,"comment_status":"open","ping_status":"closed","sticky":false,"template":"","format":"standard","meta":{"_genesis_hide_title":false,"_genesis_hide_breadcrumbs":false,"_genesis_hide_singular_image":false,"_genesis_hide_footer_widgets":false,"_genesis_custom_body_class":"","_genesis_custom_post_class":"","_genesis_layout":"","_jetpack_memberships_contains_paid_content":false,"footnotes":""},"categories":[22,7],"tags":[],"class_list":{"0":"post-100860","1":"post","2":"type-post","3":"status-publish","4":"format-standard","5":"has-post-thumbnail","7":"category-brasil","8":"category-economia","9":"entry","10":"gs-1","11":"gs-odd","12":"gs-even","13":"gs-featured-content-entry"},"jetpack_featured_media_url":"https:\/\/www.redenoticia.com.br\/noticia\/imagens\/analise-economia.jpg","jetpack_sharing_enabled":true,"jetpack_likes_enabled":true,"_links":{"self":[{"href":"https:\/\/www.redenoticia.com.br\/noticia\/wp-json\/wp\/v2\/posts\/100860","targetHints":{"allow":["GET"]}}],"collection":[{"href":"https:\/\/www.redenoticia.com.br\/noticia\/wp-json\/wp\/v2\/posts"}],"about":[{"href":"https:\/\/www.redenoticia.com.br\/noticia\/wp-json\/wp\/v2\/types\/post"}],"author":[{"embeddable":true,"href":"https:\/\/www.redenoticia.com.br\/noticia\/wp-json\/wp\/v2\/users\/2"}],"replies":[{"embeddable":true,"href":"https:\/\/www.redenoticia.com.br\/noticia\/wp-json\/wp\/v2\/comments?post=100860"}],"version-history":[{"count":0,"href":"https:\/\/www.redenoticia.com.br\/noticia\/wp-json\/wp\/v2\/posts\/100860\/revisions"}],"wp:featuredmedia":[{"embeddable":true,"href":"https:\/\/www.redenoticia.com.br\/noticia\/wp-json\/wp\/v2\/media\/57585"}],"wp:attachment":[{"href":"https:\/\/www.redenoticia.com.br\/noticia\/wp-json\/wp\/v2\/media?parent=100860"}],"wp:term":[{"taxonomy":"category","embeddable":true,"href":"https:\/\/www.redenoticia.com.br\/noticia\/wp-json\/wp\/v2\/categories?post=100860"},{"taxonomy":"post_tag","embeddable":true,"href":"https:\/\/www.redenoticia.com.br\/noticia\/wp-json\/wp\/v2\/tags?post=100860"}],"curies":[{"name":"wp","href":"https:\/\/api.w.org\/{rel}","templated":true}]}}