{"id":100712,"date":"2016-11-29T06:06:14","date_gmt":"2016-11-29T08:06:14","guid":{"rendered":"http:\/\/www.redenoticia.com.br\/noticia\/?p=100712"},"modified":"2016-11-26T03:05:16","modified_gmt":"2016-11-26T05:05:16","slug":"domicilios-com-microcomputador-tem-queda-de-34-pela-1a-vez-em-7-anos","status":"publish","type":"post","link":"https:\/\/www.redenoticia.com.br\/noticia\/2016\/domicilios-com-microcomputador-tem-queda-de-34-pela-1a-vez-em-7-anos\/100712","title":{"rendered":"Domic\u00edlios com microcomputador t\u00eam queda de 3,4% pela 1\u00aa vez em 7 anos"},"content":{"rendered":"<p> O n\u00famero de domic\u00edlios brasileiros que possu\u00edam microcomputador em 2015 caiu pela primeira vez desde 2008, segundo dados da <strong><em>Pesquisa Nacional de Amostras de Domic\u00edlios<\/em><\/strong> (Pnad) 2015, divulgada pelo Instituto Brasileiro de Geografia e Estat\u00edstica (IBGE).<\/p>\n<p>A redu\u00e7\u00e3o foi de 3,4% em rela\u00e7\u00e3o ao ano anterior na primeira queda desde 2008. Dos 31,4 milh\u00f5es de domic\u00edlios com computador em 2015, desse total 27,5 milh\u00f5es de unidades domiciliares tinham computador com acesso \u00e0 internet. As propor\u00e7\u00f5es de domic\u00edlios com microcomputador (46,2%) e com microcomputador com acesso \u00e0 internet (40,5%) tamb\u00e9m ca\u00edram 2,3 e 1,6 pontos percentuais, respectivamente, na compara\u00e7\u00e3o com 2014.<\/p>\n<p>Quando o computador da casa da professora de ingl\u00eas carioca Marilene dos Santos, 41 anos, quebrou, ela decidiu que n\u00e3o valia a pena comprar outro. \u201cJ\u00e1 quase n\u00e3o us\u00e1vamos. Acho que quebrou por falta de uso. Tudo o que fazia nele, agora fa\u00e7o no meu celular de onde quiser. Acho que a tend\u00eancia \u00e9 esse bem deixar de existir\u201d, disse ela.<\/p>\n<p>O Norte e o Nordeste apresentaram as menores propor\u00e7\u00f5es de domic\u00edlios com microcomputador (26,7% e 30,3%, respectivamente). Em rela\u00e7\u00e3o a 2014, os domic\u00edlios com algum tipo de telefone praticamente n\u00e3o variaram (93,3%), enquanto os lares com celular cresceram 1,7 ponto percentual chegando 39,5 milh\u00f5es de resid\u00eancias (58%). Esse aumento foi maior nas regi\u00f5es Norte (74,7%) e Nordeste (72,8%).<\/p>\n<p>Em 2015, cerca de 139 milh\u00f5es de pessoas de 10 anos ou mais de idade tinham celular, um crescimento de 1,8% (2,5 milh\u00f5es de novos celulares). A faixa de pessoas com posse de telefone m\u00f3vel celular, que em 2014 era de 77,9%, passou a 78,3% do total. A regi\u00e3o Sudeste teve maior crescimento em n\u00fameros absolutos (1,4 milh\u00e3o de pessoas). Em termos relativos, o Centro-Oeste obteve o maior crescimento (3%), seguido do Sudeste (2,2%), Sul (1,9%), Norte (1,3%) e Nordeste (0,8%) .<\/p>\n<p>Internet tem crescimento<\/p>\n<p>O acesso \u00e0 internet cresceu 7,1% em 2015 e aproximadamente 102 milh\u00f5es de pessoas de 10 anos ou mais de idade acessaram a rede. A propor\u00e7\u00e3o de internautas passou de 54,4% para 57,5% da popula\u00e7\u00e3o entre 2014 e 2015.<\/p>\n<p>O crescimento ocorreu em todas as regi\u00f5es, mas foi maior no Centro-Oeste (8,7%), no Nordeste (8,4%) e no Sudeste (6,8%). O maior contingente de internautas (65,1%) estava no Sudeste, seguido do Sul (61,1%), Centro-Oeste (64%), Norte (46,2%) e Nordeste (45,1%).<\/p>\n<p>Os adolescentes foram os que mais acessaram a internet, sobretudo, os de idade entre 15 e 17 anos e de 18 ou 19 anos (82% e 82,9% do total de usu\u00e1rios). Entretanto, na compara\u00e7\u00e3o com 2014, os maiores aumentos de usu\u00e1rios foram observados nos grupos de 40 a 49 anos de idade e de 50 anos ou mais (13,9% e 20,1%,respectivamente).<\/p>\n<p>Acesso \u00e0 m\u00e1quina de lavar continua crescendo<\/p>\n<p>Ainda de acordo com o IBGE, o n\u00famero de domic\u00edlios brasileiros com m\u00e1quina de lavar roupa aumentou 5,7% em 2015 na compara\u00e7\u00e3o com 2014. Cerca 61% dos 68 milh\u00f5es de lares estimados no pa\u00eds tinham esse bem dur\u00e1vel.<\/p>\n<p>As regi\u00f5es Norte (39,5%) e Nordeste (30,7%) ficaram abaixo da propor\u00e7\u00e3o m\u00e9dia do Brasil relativamente \u00e0 posse do bem. J\u00e1 fog\u00e3o (98,8%), geladeira (97,8%) e televis\u00e3o (97,1%) estavam presentes em quase a totalidades das moradias do pa\u00eds.<\/p>\n<p>Fl\u00e1via Villela &#8211; Rep\u00f3rter da Ag\u00eancia Brasil<br \/>\nEdi\u00e7\u00e3o: Kleber Sampaio<br \/>\n29\/11\/2016<\/p>\n","protected":false},"excerpt":{"rendered":"<p>O n\u00famero de domic\u00edlios brasileiros que possu\u00edam microcomputador em 2015 caiu pela primeira vez desde 2008, segundo dados da Pesquisa Nacional de Amostras de Domic\u00edlios (Pnad) 2015, divulgada pelo Instituto Brasileiro de Geografia e Estat\u00edstica (IBGE). A redu\u00e7\u00e3o foi de 3,4% em rela\u00e7\u00e3o ao ano anterior na primeira queda desde 2008. Dos 31,4 milh\u00f5es de [&hellip;]<\/p>\n","protected":false},"author":2,"featured_media":57577,"comment_status":"open","ping_status":"closed","sticky":false,"template":"","format":"standard","meta":{"_genesis_hide_title":false,"_genesis_hide_breadcrumbs":false,"_genesis_hide_singular_image":false,"_genesis_hide_footer_widgets":false,"_genesis_custom_body_class":"","_genesis_custom_post_class":"","_genesis_layout":"","_jetpack_memberships_contains_paid_content":false,"footnotes":""},"categories":[22,7],"tags":[],"class_list":{"0":"post-100712","1":"post","2":"type-post","3":"status-publish","4":"format-standard","5":"has-post-thumbnail","7":"category-brasil","8":"category-economia","9":"entry","10":"gs-1","11":"gs-odd","12":"gs-even","13":"gs-featured-content-entry"},"jetpack_featured_media_url":"https:\/\/www.redenoticia.com.br\/noticia\/imagens\/tecnologia-inscricao.jpg","jetpack_sharing_enabled":true,"jetpack_likes_enabled":true,"_links":{"self":[{"href":"https:\/\/www.redenoticia.com.br\/noticia\/wp-json\/wp\/v2\/posts\/100712","targetHints":{"allow":["GET"]}}],"collection":[{"href":"https:\/\/www.redenoticia.com.br\/noticia\/wp-json\/wp\/v2\/posts"}],"about":[{"href":"https:\/\/www.redenoticia.com.br\/noticia\/wp-json\/wp\/v2\/types\/post"}],"author":[{"embeddable":true,"href":"https:\/\/www.redenoticia.com.br\/noticia\/wp-json\/wp\/v2\/users\/2"}],"replies":[{"embeddable":true,"href":"https:\/\/www.redenoticia.com.br\/noticia\/wp-json\/wp\/v2\/comments?post=100712"}],"version-history":[{"count":0,"href":"https:\/\/www.redenoticia.com.br\/noticia\/wp-json\/wp\/v2\/posts\/100712\/revisions"}],"wp:featuredmedia":[{"embeddable":true,"href":"https:\/\/www.redenoticia.com.br\/noticia\/wp-json\/wp\/v2\/media\/57577"}],"wp:attachment":[{"href":"https:\/\/www.redenoticia.com.br\/noticia\/wp-json\/wp\/v2\/media?parent=100712"}],"wp:term":[{"taxonomy":"category","embeddable":true,"href":"https:\/\/www.redenoticia.com.br\/noticia\/wp-json\/wp\/v2\/categories?post=100712"},{"taxonomy":"post_tag","embeddable":true,"href":"https:\/\/www.redenoticia.com.br\/noticia\/wp-json\/wp\/v2\/tags?post=100712"}],"curies":[{"name":"wp","href":"https:\/\/api.w.org\/{rel}","templated":true}]}}