{"id":10061,"date":"2009-08-29T00:37:42","date_gmt":"2009-08-29T04:37:42","guid":{"rendered":"http:\/\/www.redenoticia.com.br\/noticia\/?p=10061"},"modified":"2009-08-29T00:37:42","modified_gmt":"2009-08-29T04:37:42","slug":"editora-abril-investe-em-material-diferenciado-no-novo-album-de-figurinhas-da-pucca","status":"publish","type":"post","link":"https:\/\/www.redenoticia.com.br\/noticia\/2009\/editora-abril-investe-em-material-diferenciado-no-novo-album-de-figurinhas-da-pucca\/10061","title":{"rendered":"Editora abril investe em material diferenciado no novo \u00e1lbum de figurinhas da Pucca"},"content":{"rendered":"<p>No dia 31 de agosto, chega \u00e0s bancas de todo o pa\u00eds, o novo \u00e1lbum de figurinhas\u00a0<em>\u201cI Love Pucca\u201d.<\/em>O livro ilustrado (R$ 5,95). Em tamanho gigante, tem como tema a viagem ao mundo, no qual a personagem passeia por diversos pa\u00edses.<\/p>\n<p>O mang\u00e1 Pucca teve origem em uma s\u00e9rie de anima\u00e7\u00e3o. Atualmente \u00e9 um dos cartoons mais populares da Europa, \u00c1sia e Am\u00e9rica do Sul. O enredo da hist\u00f3ria \u00e9 sobre a garotinha Pucca, filha mais nova de um propriet\u00e1rio de restaurante chin\u00eas, apaixonada por Garu, um ninja que tenta desesperadamente evitar os avan\u00e7os da menina.<\/p>\n<p>Al\u00e9m das j\u00e1 tradicionais figurinhas, a cole\u00e7\u00e3o \u00e9 compostapor por elementos diferenciados, tais como: minipap\u00e9is de carta, miniselos, miniadesivos, etiquetas, im\u00e3s com as letras do alfabeto, cards dos signos do zod\u00edaco e at\u00e9 mesmo incr\u00edveis cards 3D que viram bonequinhas de papel. No total, ser\u00e3o 170 cromos, 117 cromos-surpresa e 26 im\u00e3s. Cada envelope (R$1,00) cont\u00e9m 4 cromos, 2 cromos-surpresa e, de brinde, 1 im\u00e3.<\/p>\n<p><strong>Campanha:<\/strong><\/p>\n<p>A campanha publicit\u00e1ria inclui pe\u00e7as publicit\u00e1rias em TV (SBT e Disney XD) e an\u00fancios nas publica\u00e7\u00f5es infantis da Abril. Haver\u00e1 ainda a\u00e7\u00f5es de sampling e materiais de PDV em diversas cidades.<\/p>\n","protected":false},"excerpt":{"rendered":"<p>No dia 31 de agosto, chega \u00e0s bancas de todo o pa\u00eds, o novo \u00e1lbum de figurinhas\u00a0\u201cI Love Pucca\u201d.O livro ilustrado (R$ 5,95). Em tamanho gigante, tem como tema a viagem ao mundo, no qual a personagem passeia por diversos pa\u00edses. O mang\u00e1 Pucca teve origem em uma s\u00e9rie de anima\u00e7\u00e3o. Atualmente \u00e9 um dos [&hellip;]<\/p>\n","protected":false},"author":2,"featured_media":0,"comment_status":"open","ping_status":"open","sticky":false,"template":"","format":"standard","meta":{"_genesis_hide_title":false,"_genesis_hide_breadcrumbs":false,"_genesis_hide_singular_image":false,"_genesis_hide_footer_widgets":false,"_genesis_custom_body_class":"","_genesis_custom_post_class":"","_genesis_layout":"","_jetpack_memberships_contains_paid_content":false,"footnotes":""},"categories":[7],"tags":[],"class_list":{"0":"post-10061","1":"post","2":"type-post","3":"status-publish","4":"format-standard","6":"category-economia","7":"entry","8":"gs-1","9":"gs-odd","10":"gs-even","11":"gs-featured-content-entry"},"jetpack_featured_media_url":"","jetpack_sharing_enabled":true,"jetpack_likes_enabled":true,"_links":{"self":[{"href":"https:\/\/www.redenoticia.com.br\/noticia\/wp-json\/wp\/v2\/posts\/10061","targetHints":{"allow":["GET"]}}],"collection":[{"href":"https:\/\/www.redenoticia.com.br\/noticia\/wp-json\/wp\/v2\/posts"}],"about":[{"href":"https:\/\/www.redenoticia.com.br\/noticia\/wp-json\/wp\/v2\/types\/post"}],"author":[{"embeddable":true,"href":"https:\/\/www.redenoticia.com.br\/noticia\/wp-json\/wp\/v2\/users\/2"}],"replies":[{"embeddable":true,"href":"https:\/\/www.redenoticia.com.br\/noticia\/wp-json\/wp\/v2\/comments?post=10061"}],"version-history":[{"count":0,"href":"https:\/\/www.redenoticia.com.br\/noticia\/wp-json\/wp\/v2\/posts\/10061\/revisions"}],"wp:attachment":[{"href":"https:\/\/www.redenoticia.com.br\/noticia\/wp-json\/wp\/v2\/media?parent=10061"}],"wp:term":[{"taxonomy":"category","embeddable":true,"href":"https:\/\/www.redenoticia.com.br\/noticia\/wp-json\/wp\/v2\/categories?post=10061"},{"taxonomy":"post_tag","embeddable":true,"href":"https:\/\/www.redenoticia.com.br\/noticia\/wp-json\/wp\/v2\/tags?post=10061"}],"curies":[{"name":"wp","href":"https:\/\/api.w.org\/{rel}","templated":true}]}}