{"id":100605,"date":"2016-11-28T06:43:04","date_gmt":"2016-11-28T08:43:04","guid":{"rendered":"http:\/\/www.redenoticia.com.br\/noticia\/?p=100605"},"modified":"2016-11-25T14:44:04","modified_gmt":"2016-11-25T16:44:04","slug":"pais-perdeu-74-748-vagas-formais-em-outubro-mostra-caged","status":"publish","type":"post","link":"https:\/\/www.redenoticia.com.br\/noticia\/2016\/pais-perdeu-74-748-vagas-formais-em-outubro-mostra-caged\/100605","title":{"rendered":"Pa\u00eds perdeu 74.748 vagas formais em outubro, mostra Caged"},"content":{"rendered":"<p> Em outubro, 74.748 vagas formais foram fechadas no pa\u00eds, segundo dados do Cadastro Geral de Empregados e Desempregados (Caged) divulgados pelo Minist\u00e9rio do Trabalho. A <strong><em>perda de empregos<\/em><\/strong> ficou abaixo da registrada em outubro de 2015, quando houve fechamento de 169.131 vagas. No acumulado do ano, o Caged contabiliza 751.816 postos a menos. Nos \u00faltimos 12 meses, o pa\u00eds acumula 1,5 milh\u00e3o de postos de trabalho suprimidos.<\/p>\n<p> Os setores que tiveram as maiores perdas de vagas formais foram constru\u00e7\u00e3o civil (-33.517 postos), servi\u00e7os (-30.316 postos) e agricultura (-12.508 postos).<\/p>\n<p>Apenas o setor do com\u00e9rcio apresentou saldo positivo no m\u00eas passado, com cria\u00e7\u00e3o de 12.946 postos de trabalho. A ind\u00fastria da transforma\u00e7\u00e3o, que havia apresentado saldo positivo em agosto e setembro, fechou 5.562 vagas em outubro.<\/p>\n<p>As perdas mais significativas de vagas foram registradas em S\u00e3o Paulo (-21.995 postos) e no Rio de Janeiro (-20.563). As unidades da Federa\u00e7\u00e3o que mais geraram empregos foram Alagoas (5.832), Rio Grande do Sul (2.386), Sergipe (1.932 postos) e Santa Catarina (1.267 vagas).<\/p>\n<p>Divulgado desde 1992, o Caged apura o estoque de vagas formais de emprego no pa\u00eds calculando a diferen\u00e7a entre contrata\u00e7\u00f5es e demiss\u00f5es. Os dados s\u00e3o levantados com base em declara\u00e7\u00f5es enviadas pelos empregadores ao Minist\u00e9rio do Trabalho.<\/p>\n<p>Mariana Branco &#8211; Rep\u00f3rter da Ag\u00eancia Brasil<br \/>\nEdi\u00e7\u00e3o: Juliana Andrade<br \/>\n28\/11\/2016<\/p>\n","protected":false},"excerpt":{"rendered":"<p>Em outubro, 74.748 vagas formais foram fechadas no pa\u00eds, segundo dados do Cadastro Geral de Empregados e Desempregados (Caged) divulgados pelo Minist\u00e9rio do Trabalho. A perda de empregos ficou abaixo da registrada em outubro de 2015, quando houve fechamento de 169.131 vagas. No acumulado do ano, o Caged contabiliza 751.816 postos a menos. Nos \u00faltimos [&hellip;]<\/p>\n","protected":false},"author":2,"featured_media":38938,"comment_status":"open","ping_status":"closed","sticky":false,"template":"","format":"standard","meta":{"_genesis_hide_title":false,"_genesis_hide_breadcrumbs":false,"_genesis_hide_singular_image":false,"_genesis_hide_footer_widgets":false,"_genesis_custom_body_class":"","_genesis_custom_post_class":"","_genesis_layout":"","_jetpack_memberships_contains_paid_content":false,"footnotes":""},"categories":[22,7],"tags":[],"class_list":{"0":"post-100605","1":"post","2":"type-post","3":"status-publish","4":"format-standard","5":"has-post-thumbnail","7":"category-brasil","8":"category-economia","9":"entry","10":"gs-1","11":"gs-odd","12":"gs-even","13":"gs-featured-content-entry"},"jetpack_featured_media_url":"https:\/\/www.redenoticia.com.br\/noticia\/imagens\/economia1.jpg","jetpack_sharing_enabled":true,"jetpack_likes_enabled":true,"_links":{"self":[{"href":"https:\/\/www.redenoticia.com.br\/noticia\/wp-json\/wp\/v2\/posts\/100605","targetHints":{"allow":["GET"]}}],"collection":[{"href":"https:\/\/www.redenoticia.com.br\/noticia\/wp-json\/wp\/v2\/posts"}],"about":[{"href":"https:\/\/www.redenoticia.com.br\/noticia\/wp-json\/wp\/v2\/types\/post"}],"author":[{"embeddable":true,"href":"https:\/\/www.redenoticia.com.br\/noticia\/wp-json\/wp\/v2\/users\/2"}],"replies":[{"embeddable":true,"href":"https:\/\/www.redenoticia.com.br\/noticia\/wp-json\/wp\/v2\/comments?post=100605"}],"version-history":[{"count":0,"href":"https:\/\/www.redenoticia.com.br\/noticia\/wp-json\/wp\/v2\/posts\/100605\/revisions"}],"wp:featuredmedia":[{"embeddable":true,"href":"https:\/\/www.redenoticia.com.br\/noticia\/wp-json\/wp\/v2\/media\/38938"}],"wp:attachment":[{"href":"https:\/\/www.redenoticia.com.br\/noticia\/wp-json\/wp\/v2\/media?parent=100605"}],"wp:term":[{"taxonomy":"category","embeddable":true,"href":"https:\/\/www.redenoticia.com.br\/noticia\/wp-json\/wp\/v2\/categories?post=100605"},{"taxonomy":"post_tag","embeddable":true,"href":"https:\/\/www.redenoticia.com.br\/noticia\/wp-json\/wp\/v2\/tags?post=100605"}],"curies":[{"name":"wp","href":"https:\/\/api.w.org\/{rel}","templated":true}]}}