{"id":100603,"date":"2016-11-28T06:41:56","date_gmt":"2016-11-28T08:41:56","guid":{"rendered":"http:\/\/www.redenoticia.com.br\/noticia\/?p=100603"},"modified":"2016-11-25T14:42:59","modified_gmt":"2016-11-25T16:42:59","slug":"juros-do-cheque-especial-chegam-ao-recorde-de-3289-ao-ano","status":"publish","type":"post","link":"https:\/\/www.redenoticia.com.br\/noticia\/2016\/juros-do-cheque-especial-chegam-ao-recorde-de-3289-ao-ano\/100603","title":{"rendered":"Juros do cheque especial chegam ao recorde de 328,9% ao ano"},"content":{"rendered":"<p> A <strong><em>taxa de juros do cheque especial<\/em><\/strong> continuou em trajet\u00f3ria de alta em outubro. De acordo com dados do Banco Central (BC), a taxa do cheque especial subiu 4 pontos percentuais de setembro para outubro e chegou ao novo recorde de 328,9% ao ano. Essa \u00e9 a maior taxa da s\u00e9rie hist\u00f3rica iniciada em julho de 1994.<\/p>\n<p> Neste ano, a taxa do cheque especial j\u00e1 subiu 41,9 pontos percentuais em rela\u00e7\u00e3o a dezembro de 2015, quando estava em 287% ao ano.<\/p>\n<p>Depois de tr\u00eas m\u00eas seguidos em alta, a taxa do rotativo do cart\u00e3o de cr\u00e9dito caiu 3,9 pontos percentuais e ficou em 475,8% ao ano. O rotativo \u00e9 o cr\u00e9dito tomado pelo consumidor quando paga menos que o valor integral da fatura do cart\u00e3o.<\/p>\n<p>Essas duas taxas \u2013 do cheque especial e do cart\u00e3o de cr\u00e9dito \u2013 s\u00e3o as mais caras na pesquisa do BC e est\u00e3o bem distantes dos juros m\u00e9dios do cr\u00e9dito para pessoa f\u00edsica, que ficaram em 73,7% ao ano, em outubro, com alta de 0,5 ponto percentual em rela\u00e7\u00e3o a setembro.<\/p>\n<p>Cr\u00e9dito a pessoas f\u00edsicas e jur\u00eddicas<\/p>\n<p>A inadimpl\u00eancia do cr\u00e9dito para pessoas f\u00edsicas, em que s\u00e3o considerados atrasos acima de 90 dias, ficou est\u00e1vel em 6,2%, pelo quinto m\u00eas seguido.<\/p>\n<p>A taxa de inadimpl\u00eancia das empresas tamb\u00e9m foi ajustada em 0,1 ponto percentual para 5,6%. A taxa m\u00e9dia de juros cobrada das pessoas jur\u00eddicas ficou em 30,4% ao ano, com alta de 0,6 ponto percentual.<\/p>\n<p>Esses dados se referem ao cr\u00e9dito livre, em que os bancos t\u00eam autonomia para aplicar o dinheiro captado no mercado e definir as taxas de juros.<\/p>\n<p>No caso do cr\u00e9dito direcionado (empr\u00e9stimos com regras definidas pelo governo, destinados, basicamente, aos setores habitacional, rural e de infraestrutura), a taxa de juros para as pessoas f\u00edsicas caiu 0,2 ponto percentual, para 10,2% ao ano. A taxa cobrada das empresas ficou est\u00e1vel em 12% ao ano. A inadimpl\u00eancia das fam\u00edlias permaneceu em 2% e das empresas subiu 0,5 ponto percentual para 1,8%.<\/p>\n<p>O saldo de todas as opera\u00e7\u00f5es de cr\u00e9dito concedidas pelos bancos caiu 0,5% de setembro para outubro, quando ficou em R$ 3,095 trilh\u00f5es. Em 12 meses, o saldo das opera\u00e7\u00f5es de cr\u00e9dito caiu 2%.<\/p>\n<p>Esse saldo correspondeu a 50,3% de tudo o que o pa\u00eds produz \u2013 Produto Interno Bruto (PIB) \u2013, ante o percentual de 50,8% registrado em setembro deste ano.<\/p>\n<p>Kelly Oliveira \u2013 Rep\u00f3rter da Ag\u00eancia Brasil<br \/>\nEdi\u00e7\u00e3o: Lidia Neves<br \/>\n28\/11\/2016<\/p>\n","protected":false},"excerpt":{"rendered":"<p>A taxa de juros do cheque especial continuou em trajet\u00f3ria de alta em outubro. De acordo com dados do Banco Central (BC), a taxa do cheque especial subiu 4 pontos percentuais de setembro para outubro e chegou ao novo recorde de 328,9% ao ano. Essa \u00e9 a maior taxa da s\u00e9rie hist\u00f3rica iniciada em julho [&hellip;]<\/p>\n","protected":false},"author":2,"featured_media":57584,"comment_status":"open","ping_status":"closed","sticky":false,"template":"","format":"standard","meta":{"_genesis_hide_title":false,"_genesis_hide_breadcrumbs":false,"_genesis_hide_singular_image":false,"_genesis_hide_footer_widgets":false,"_genesis_custom_body_class":"","_genesis_custom_post_class":"","_genesis_layout":"","_jetpack_memberships_contains_paid_content":false,"footnotes":""},"categories":[22,7],"tags":[],"class_list":{"0":"post-100603","1":"post","2":"type-post","3":"status-publish","4":"format-standard","5":"has-post-thumbnail","7":"category-brasil","8":"category-economia","9":"entry","10":"gs-1","11":"gs-odd","12":"gs-even","13":"gs-featured-content-entry"},"jetpack_featured_media_url":"https:\/\/www.redenoticia.com.br\/noticia\/imagens\/economia-grafica-analise-inflacao.jpg","jetpack_sharing_enabled":true,"jetpack_likes_enabled":true,"_links":{"self":[{"href":"https:\/\/www.redenoticia.com.br\/noticia\/wp-json\/wp\/v2\/posts\/100603","targetHints":{"allow":["GET"]}}],"collection":[{"href":"https:\/\/www.redenoticia.com.br\/noticia\/wp-json\/wp\/v2\/posts"}],"about":[{"href":"https:\/\/www.redenoticia.com.br\/noticia\/wp-json\/wp\/v2\/types\/post"}],"author":[{"embeddable":true,"href":"https:\/\/www.redenoticia.com.br\/noticia\/wp-json\/wp\/v2\/users\/2"}],"replies":[{"embeddable":true,"href":"https:\/\/www.redenoticia.com.br\/noticia\/wp-json\/wp\/v2\/comments?post=100603"}],"version-history":[{"count":0,"href":"https:\/\/www.redenoticia.com.br\/noticia\/wp-json\/wp\/v2\/posts\/100603\/revisions"}],"wp:featuredmedia":[{"embeddable":true,"href":"https:\/\/www.redenoticia.com.br\/noticia\/wp-json\/wp\/v2\/media\/57584"}],"wp:attachment":[{"href":"https:\/\/www.redenoticia.com.br\/noticia\/wp-json\/wp\/v2\/media?parent=100603"}],"wp:term":[{"taxonomy":"category","embeddable":true,"href":"https:\/\/www.redenoticia.com.br\/noticia\/wp-json\/wp\/v2\/categories?post=100603"},{"taxonomy":"post_tag","embeddable":true,"href":"https:\/\/www.redenoticia.com.br\/noticia\/wp-json\/wp\/v2\/tags?post=100603"}],"curies":[{"name":"wp","href":"https:\/\/api.w.org\/{rel}","templated":true}]}}