{"id":100601,"date":"2016-11-28T06:37:01","date_gmt":"2016-11-28T08:37:01","guid":{"rendered":"http:\/\/www.redenoticia.com.br\/noticia\/?p=100601"},"modified":"2016-11-25T14:41:52","modified_gmt":"2016-11-25T16:41:52","slug":"confianca-do-empresario-do-comercio-aumenta-pela-setima-vez-diz-cnc","status":"publish","type":"post","link":"https:\/\/www.redenoticia.com.br\/noticia\/2016\/confianca-do-empresario-do-comercio-aumenta-pela-setima-vez-diz-cnc\/100601","title":{"rendered":"Confian\u00e7a do empres\u00e1rio do com\u00e9rcio aumenta pela s\u00e9tima vez, diz CNC"},"content":{"rendered":"<p> O <strong><em>\u00cdndice de Confian\u00e7a do Empres\u00e1rio do Com\u00e9rcio<\/em><\/strong> (Icec) cresceu 1,2% na passagem de outubro para novembro deste ano. Esta \u00e9 a s\u00e9tima alta consecutiva do indicador (neste tipo de compara\u00e7\u00e3o), que mede a avalia\u00e7\u00e3o dos empres\u00e1rios do com\u00e9rcio sobre a economia, o com\u00e9rcio e seus neg\u00f3cios. Na compara\u00e7\u00e3o com novembro de 2015, a alta foi de 23,5%.<\/p>\n<p>De acordo com a Confedera\u00e7\u00e3o Nacional do Com\u00e9rcio de Bens, Servi\u00e7os e Turismo (CNC), o \u00edndice chegou a 98,9 pontos, em uma escala de zero a 200. Portanto, o resultado ainda encontra-se em um patamar negativo, abaixo do n\u00edvel de indiferen\u00e7a, que \u00e9 de 100 pontos.<\/p>\n<p>Na passagem entre outubro e novembro, o que mais contribuiu para a alta de 1,2% foi a maior confian\u00e7a do empres\u00e1rio no momento atual (3,2%). O empres\u00e1rio est\u00e1 mais confiante na economia (aumento de 4,6%), no setor (2,2%) e em seus pr\u00f3prios neg\u00f3cios (2,3%).<\/p>\n<p>Os empres\u00e1rios tamb\u00e9m est\u00e3o mais otimistas em rela\u00e7\u00e3o ao futuro (0,8%). Houve melhoras nas avalia\u00e7\u00f5es em rela\u00e7\u00e3o \u00e0 economia (1,1%), ao setor (0,9%) e aos seus neg\u00f3cios (0,5%).<\/p>\n<p>As inten\u00e7\u00f5es de investimentos tamb\u00e9m tiveram uma leve melhora (0,3%), devido a uma inten\u00e7\u00e3o maior de contrata\u00e7\u00e3o de funcion\u00e1rios (0,4%) e numa melhor avalia\u00e7\u00e3o sobre a situa\u00e7\u00e3o atual dos estoques (0,7%). No entanto, h\u00e1 menos inten\u00e7\u00e3o de se investir na empresa (-0,4%).<\/p>\n<p>Vitor Abdala \u2013 Rep\u00f3rter da Ag\u00eancia Brasil<br \/>\nEdi\u00e7\u00e3o: Maria Claudia<br \/>\n28\/11\/2016<\/p>\n","protected":false},"excerpt":{"rendered":"<p>O \u00cdndice de Confian\u00e7a do Empres\u00e1rio do Com\u00e9rcio (Icec) cresceu 1,2% na passagem de outubro para novembro deste ano. Esta \u00e9 a s\u00e9tima alta consecutiva do indicador (neste tipo de compara\u00e7\u00e3o), que mede a avalia\u00e7\u00e3o dos empres\u00e1rios do com\u00e9rcio sobre a economia, o com\u00e9rcio e seus neg\u00f3cios. Na compara\u00e7\u00e3o com novembro de 2015, a alta [&hellip;]<\/p>\n","protected":false},"author":2,"featured_media":57582,"comment_status":"open","ping_status":"closed","sticky":false,"template":"","format":"standard","meta":{"_genesis_hide_title":false,"_genesis_hide_breadcrumbs":false,"_genesis_hide_singular_image":false,"_genesis_hide_footer_widgets":false,"_genesis_custom_body_class":"","_genesis_custom_post_class":"","_genesis_layout":"","_jetpack_memberships_contains_paid_content":false,"footnotes":""},"categories":[22,7],"tags":[],"class_list":{"0":"post-100601","1":"post","2":"type-post","3":"status-publish","4":"format-standard","5":"has-post-thumbnail","7":"category-brasil","8":"category-economia","9":"entry","10":"gs-1","11":"gs-odd","12":"gs-even","13":"gs-featured-content-entry"},"jetpack_featured_media_url":"https:\/\/www.redenoticia.com.br\/noticia\/imagens\/grafico1.jpg","jetpack_sharing_enabled":true,"jetpack_likes_enabled":true,"_links":{"self":[{"href":"https:\/\/www.redenoticia.com.br\/noticia\/wp-json\/wp\/v2\/posts\/100601","targetHints":{"allow":["GET"]}}],"collection":[{"href":"https:\/\/www.redenoticia.com.br\/noticia\/wp-json\/wp\/v2\/posts"}],"about":[{"href":"https:\/\/www.redenoticia.com.br\/noticia\/wp-json\/wp\/v2\/types\/post"}],"author":[{"embeddable":true,"href":"https:\/\/www.redenoticia.com.br\/noticia\/wp-json\/wp\/v2\/users\/2"}],"replies":[{"embeddable":true,"href":"https:\/\/www.redenoticia.com.br\/noticia\/wp-json\/wp\/v2\/comments?post=100601"}],"version-history":[{"count":0,"href":"https:\/\/www.redenoticia.com.br\/noticia\/wp-json\/wp\/v2\/posts\/100601\/revisions"}],"wp:featuredmedia":[{"embeddable":true,"href":"https:\/\/www.redenoticia.com.br\/noticia\/wp-json\/wp\/v2\/media\/57582"}],"wp:attachment":[{"href":"https:\/\/www.redenoticia.com.br\/noticia\/wp-json\/wp\/v2\/media?parent=100601"}],"wp:term":[{"taxonomy":"category","embeddable":true,"href":"https:\/\/www.redenoticia.com.br\/noticia\/wp-json\/wp\/v2\/categories?post=100601"},{"taxonomy":"post_tag","embeddable":true,"href":"https:\/\/www.redenoticia.com.br\/noticia\/wp-json\/wp\/v2\/tags?post=100601"}],"curies":[{"name":"wp","href":"https:\/\/api.w.org\/{rel}","templated":true}]}}