{"id":100599,"date":"2016-11-28T06:35:46","date_gmt":"2016-11-28T08:35:46","guid":{"rendered":"http:\/\/www.redenoticia.com.br\/noticia\/?p=100599"},"modified":"2016-11-25T14:36:56","modified_gmt":"2016-11-25T16:36:56","slug":"violencia-contra-a-mulher-governo-de-sp-lanca-campanha-de-conscientizacao","status":"publish","type":"post","link":"https:\/\/www.redenoticia.com.br\/noticia\/2016\/violencia-contra-a-mulher-governo-de-sp-lanca-campanha-de-conscientizacao\/100599","title":{"rendered":"Viol\u00eancia contra a mulher: Governo de SP lan\u00e7a campanha de conscientiza\u00e7\u00e3o"},"content":{"rendered":"<p> &#8220;Agress\u00e3o n\u00e3o \u00e9 amor. <strong><em>Viol\u00eancia contra Mulher<\/em><\/strong> \u00e9 crime&#8221;. Esse \u00e9 o slogan da campanha C\u00e2mera do Beijo, voltada ao enfrentamento da viol\u00eancia contra a mulher, lan\u00e7ada pelo Governo do Estado de S\u00e3o Paulo. O objetivo \u00e9 conscientizar a sociedade de que quaisquer atos violentos contra mulheres s\u00e3o crimes que devem ser denunciados.<\/p>\n<p>O ambiente escolhido para a cria\u00e7\u00e3o da campanha foi um est\u00e1dio de futebol. A experi\u00eancia cotidiana dos profissionais que trabalham no atendimento \u00e0s mulheres mostra que o n\u00famero de agress\u00f5es contra mulher aumenta em dias de jogo. O fen\u00f4meno, j\u00e1 identificado por um estudo brit\u00e2nico, parece se repetir tamb\u00e9m no contexto brasileiro, embora ainda n\u00e3o existam pesquisas conclusivas a respeito. <\/p>\n<p>&#8220;Pela minha experi\u00eancia e pela vivencia das minhas colegas, posso afirmar que a viol\u00eancia dom\u00e9stica aumenta, principalmente nos dias de cl\u00e1ssicos nos finais de semana&#8221;, diz a delegada Rose Corr\u00eaa, que chefiou por cinco anos a primeira Delegacia de Defesa da Mulher e atualmente \u00e9 presidente do Conselho Estadual da Condi\u00e7\u00e3o Feminina. <\/p>\n<p> Pioneiro na instala\u00e7\u00e3o de equipamentos e cria\u00e7\u00e3o de pol\u00edticas p\u00fablicas de combate a esse tipo de viol\u00eancia, o Estado de S\u00e3o Paulo tem, ao longo desta d\u00e9cada, aprimorado suas medidas e tomado novas iniciativas para proteger a mulher em situa\u00e7\u00e3o vulner\u00e1vel. <\/p>\n<p>Maior rede de Delegacias de Pol\u00edcia de Defesa da Mulher do pa\u00eds<br \/>\nS\u00e3o Paulo foi o primeiro estado do Brasil a criar uma delegacia para o atendimento exclusivo de mulheres v\u00edtimas de viol\u00eancia. Em 1985, h\u00e1 31 anos, foi inaugurada na capital a primeira Delegacia de Defesa da Mulher (DDM). <\/p>\n<p>Atualmente a maior estrutura policial do Pa\u00eds voltada ao atendimento especializado est\u00e1 em S\u00e3o Paulo: 35,8% de todas as DDMs. S\u00e3o 132 delegacias espalhadas por todas as regi\u00f5es do estado. Al\u00e9m disso, denuncias de viol\u00eancia contra a mulher podem ser feitas em qualquer delegacia do Estado ou pelo Disque Den\u00fancia (181). <\/p>\n<p>As delegadas de pol\u00edcia que trabalham nas DDMs participam de cursos e f\u00f3runs promovidos por entidades particulares envolvidos no enfrentamento da viol\u00eancia dom\u00e9stica. <\/p>\n<p>Aprimoramento de sistemas de informa\u00e7\u00e3o e divulga\u00e7\u00e3o de estat\u00edsticas<br \/>\nDesde dezembro de 2011, a Secretaria da Seguran\u00e7a P\u00fablica passou a disponibilizar em seu  as estat\u00edsticas dos crimes desse tipo. Al\u00e9m das medidas protetivas de urg\u00eancia que s\u00e3o inseridas nos sistemas de informa\u00e7\u00f5es, consta tamb\u00e9m uma notifica\u00e7\u00e3o no cadastro do RG do autor do crime, junto ao Instituto de Identifica\u00e7\u00e3o da Pol\u00edcia Civil, o que facilita a preven\u00e7\u00e3o de novos casos. <\/p>\n<p>Sistema \u00danico de Assist\u00eancia Social<br \/>\nOs CREAS (Centros de Refer\u00eancia Especializado de Assist\u00eancia Social) e os CRAS (Centros de Refer\u00eancia de Assist\u00eancia Social) oferecem atendimento social e psicol\u00f3gico \u00e0 mulheres v\u00edtimas de viol\u00eancia (CREAS) ou \u00e0 mulheres que n\u00e3o sofreram agress\u00e3o, mas que vivem em situa\u00e7\u00e3o de risco (CRAS). <\/p>\n<p>Em caso de amea\u00e7a, por exemplo a mulher pode procurar uma unidade do CRAS mais pr\u00f3ximo. Os espa\u00e7os oferecem atendimento especializado de orienta\u00e7\u00e3o e de apoio \u00e0 v\u00edtima e a sua fam\u00edlia. <\/p>\n<p>Programa Bem-Me-Quer<br \/>\nO Programa foi criado para dar aten\u00e7\u00e3o e atendimento especializado \u00e0s mulheres v\u00edtimas de viol\u00eancia sexual. Assim que chegam a uma delegacia, s\u00e3o levadas ao Centro de Refer\u00eancia de Sa\u00fade da Mulher (CRSM) do Hospital P\u00e9rola Byington, onde s\u00e3o atendidas por equipes multidisciplinares compostas por m\u00e9dicos, policiais e psic\u00f3logos. <\/p>\n<p>As situa\u00e7\u00f5es de viol\u00eancia sexual que necessitam de atendimento de emerg\u00eancia recebem aten\u00e7\u00e3o no Servi\u00e7o de Pronto Atendimento da institui\u00e7\u00e3o, dispon\u00edvel 24 horas. N\u00e3o \u00e9 necess\u00e1rio apresentar encaminhamento de outro servi\u00e7o de sa\u00fade ou Boletim de Ocorr\u00eancia Policial para receber atendimento. <\/p>\n<p>Centro de Refer\u00eancia de Apoio \u00e0 V\u00edtima<br \/>\nCriado em julho de 1998, o Cravi (Centro de Refer\u00eancia de Apoio \u00e0 V\u00edtima) \u00e9 um servi\u00e7o prestado pela Secretaria da Justi\u00e7a e da Defesa da Cidadania, que ajuda as vitimas e familiares a superarem traumas decorrentes da viol\u00eancia. <\/p>\n<p>A mulher \u00e9 recebida por uma equipe de aconselhamento que d\u00e1 suporte psicol\u00f3gico e tamb\u00e9m presta orienta\u00e7\u00e3o jur\u00eddica e direcionamento aos servi\u00e7os p\u00fablicos. Entre os parceiros, est\u00e3o o Tribunal de Justi\u00e7a do Estado, a Defensoria P\u00fablica e o Minist\u00e9rio P\u00fablico. <\/p>\n<p>Para utilizar os servi\u00e7os do Cravi, as pessoas devem se dirigir ao F\u00f3rum Criminal da Barra Funda ou \u00e0s unidades do programa existentes na Baixada Santista, Guarulhos e Regi\u00e3o do ABCD. <\/p>\n<p>#AgressaoNaoeAmor <\/p>\n<p>Do Portal do Governo do Estado SP<\/p>\n","protected":false},"excerpt":{"rendered":"<p>&#8220;Agress\u00e3o n\u00e3o \u00e9 amor. Viol\u00eancia contra Mulher \u00e9 crime&#8221;. Esse \u00e9 o slogan da campanha C\u00e2mera do Beijo, voltada ao enfrentamento da viol\u00eancia contra a mulher, lan\u00e7ada pelo Governo do Estado de S\u00e3o Paulo. O objetivo \u00e9 conscientizar a sociedade de que quaisquer atos violentos contra mulheres s\u00e3o crimes que devem ser denunciados. O ambiente [&hellip;]<\/p>\n","protected":false},"author":2,"featured_media":26625,"comment_status":"open","ping_status":"closed","sticky":false,"template":"","format":"standard","meta":{"_genesis_hide_title":false,"_genesis_hide_breadcrumbs":false,"_genesis_hide_singular_image":false,"_genesis_hide_footer_widgets":false,"_genesis_custom_body_class":"","_genesis_custom_post_class":"","_genesis_layout":"","_jetpack_memberships_contains_paid_content":false,"footnotes":""},"categories":[22],"tags":[],"class_list":{"0":"post-100599","1":"post","2":"type-post","3":"status-publish","4":"format-standard","5":"has-post-thumbnail","7":"category-brasil","8":"entry","9":"gs-1","10":"gs-odd","11":"gs-even","12":"gs-featured-content-entry"},"jetpack_featured_media_url":"https:\/\/www.redenoticia.com.br\/noticia\/imagens\/mulher-profissao.jpg","jetpack_sharing_enabled":true,"jetpack_likes_enabled":true,"_links":{"self":[{"href":"https:\/\/www.redenoticia.com.br\/noticia\/wp-json\/wp\/v2\/posts\/100599","targetHints":{"allow":["GET"]}}],"collection":[{"href":"https:\/\/www.redenoticia.com.br\/noticia\/wp-json\/wp\/v2\/posts"}],"about":[{"href":"https:\/\/www.redenoticia.com.br\/noticia\/wp-json\/wp\/v2\/types\/post"}],"author":[{"embeddable":true,"href":"https:\/\/www.redenoticia.com.br\/noticia\/wp-json\/wp\/v2\/users\/2"}],"replies":[{"embeddable":true,"href":"https:\/\/www.redenoticia.com.br\/noticia\/wp-json\/wp\/v2\/comments?post=100599"}],"version-history":[{"count":0,"href":"https:\/\/www.redenoticia.com.br\/noticia\/wp-json\/wp\/v2\/posts\/100599\/revisions"}],"wp:featuredmedia":[{"embeddable":true,"href":"https:\/\/www.redenoticia.com.br\/noticia\/wp-json\/wp\/v2\/media\/26625"}],"wp:attachment":[{"href":"https:\/\/www.redenoticia.com.br\/noticia\/wp-json\/wp\/v2\/media?parent=100599"}],"wp:term":[{"taxonomy":"category","embeddable":true,"href":"https:\/\/www.redenoticia.com.br\/noticia\/wp-json\/wp\/v2\/categories?post=100599"},{"taxonomy":"post_tag","embeddable":true,"href":"https:\/\/www.redenoticia.com.br\/noticia\/wp-json\/wp\/v2\/tags?post=100599"}],"curies":[{"name":"wp","href":"https:\/\/api.w.org\/{rel}","templated":true}]}}