{"id":100518,"date":"2016-11-25T06:43:48","date_gmt":"2016-11-25T08:43:48","guid":{"rendered":"http:\/\/www.redenoticia.com.br\/noticia\/?p=100518"},"modified":"2016-11-24T10:44:43","modified_gmt":"2016-11-24T12:44:43","slug":"saldo-da-balanca-comercial-reflete-queda-da-atividade-economica-diz-aeb","status":"publish","type":"post","link":"https:\/\/www.redenoticia.com.br\/noticia\/2016\/saldo-da-balanca-comercial-reflete-queda-da-atividade-economica-diz-aeb\/100518","title":{"rendered":"Saldo da balan\u00e7a comercial reflete queda da atividade econ\u00f4mica, diz AEB"},"content":{"rendered":"<p> O presidente da Associa\u00e7\u00e3o de Com\u00e9rcio Exterior do Brasil (AEB), Jos\u00e9 Augusto de Castro, abriu o Encontro Nacional de Com\u00e9rcio Exterior com a avalia\u00e7\u00e3o de que 2016 est\u00e1 sendo um ano dif\u00edcil para o setor que chegou a ser apontado como alternativa para o pa\u00eds com a <strong><em>queda da atividade interna<\/em><\/strong>.<\/p>\n<p>Apesar de a balan\u00e7a comercial j\u00e1 ter ultrapassado o saldo positivo de R$ 40 bilh\u00f5es na terceira semana de novembro, ele chama o resultado de &#8220;super\u00e1vit negativo&#8221; e explica que a cifra ocorreu pela forte queda das importa\u00e7\u00f5es, resultante da redu\u00e7\u00e3o da atividade econ\u00f4mica.<\/p>\n<p>Segundo o ministro interino do Desenvolvimento, Ind\u00fastria e Com\u00e9rcio Exterior, Marcos Jorge de Lima, o saldo da balan\u00e7a comercial em 2016 pode chegar a R$ 46 bilh\u00f5es, o que seria um recorde na balan\u00e7a comercial. Para Castro, no entanto, n\u00e3o h\u00e1 o que comemorar.<\/p>\n<p>&#8220;Esse n\u00famero n\u00e3o gera nenhum emprego, gera desemprego porque ca\u00edram as importa\u00e7\u00f5es e ca\u00edram exporta\u00e7\u00f5es. Ou seja, a atividade econ\u00f4mica diminuiu, ent\u00e3o, diminuiu o emprego. Se fosse batido esse recorde, seria um recorde a n\u00e3o ser comemorado&#8221;.<\/p>\n<p>Ele defendeu a redu\u00e7\u00e3o de custos das empresas para que as exporta\u00e7\u00f5es n\u00e3o dependam de oscila\u00e7\u00f5es do c\u00e2mbio e destacou que as vendas de manufaturados para o exterior t\u00eam ca\u00eddo nos \u00faltimos cinco anos. Para 2016, o mercado chegou a esperar que esse movimento de queda mudasse.<\/p>\n<p>&#8220;[Em 2015] havia uma expectativa positiva com os manufaturados [para 2016], que n\u00e3o se concretizou&#8221;, explicou. &#8220;Com o c\u00e2mbio a R$ 4, o produto brasileiro seria competitivo. Mas n\u00f3s est\u00e1vamos fora do mercado internacional e, para entrar no mercado, tem que desalojar algu\u00e9m. N\u00f3s n\u00e3o conseguimos desalojar os chineses, principalmente&#8221;.<\/p>\n<p>Em 2016, a expectativa da AEB apresentada por seu presidente Jos\u00e9 Augusto de Castro \u00e9 que as exporta\u00e7\u00f5es v\u00e3o cair de 2% a 3%, e, dentro delas, as de manufaturados devem ter uma queda de 1% a 1,5%. O resultado, segundo ele, faz com que o Brasil tenha um n\u00edvel de exporta\u00e7\u00e3o de manufaturados em 2016 menor que o de 2006.<\/p>\n<p>A queda das exporta\u00e7\u00f5es de manufaturados levou o pa\u00eds a um cen\u00e1rio em que esses itens correspondem a 40% das exporta\u00e7\u00f5es, enquanto commodities preenchem os outros 60%. &#8220;Se nada for feito vamos ter que nos contentar em ser uma colonia comercial do mundo industrializado. Vamos exportar s\u00f3 commodities&#8221;, afirmou.<\/p>\n<p>Castro apontou que a redu\u00e7\u00e3o de custos, por meio de reformas como a trabalhista, a tribut\u00e1ria e a previdenci\u00e1ria, se aprovadas pelo Congresso, vir\u00e1 com atraso. &#8220;J\u00e1 passou o momento. Estamos totalmente atrasados&#8221;, disse ele que afirmou que elas &#8220;v\u00e3o doer para todos n\u00f3s&#8221; e exigir\u00e3o tempo de implementa\u00e7\u00e3o no qual os produtores ainda precisar\u00e3o contar com a competitividade do c\u00e2mbio.<\/p>\n<p>Apesar de reconhecer que quest\u00f5es externas como poss\u00edveis medidas protecionistas dos Estados Unidos e a sa\u00edda do Reino Unido da Uni\u00e3o Europeia poder\u00e3o ter impactos negativos sobre o Brasil, o presidente da AEB destacou que os problemas a serem resolvidos s\u00e3o internos e dependem apenas do pa\u00eds.<\/p>\n<p>China e Estados Unidos<\/p>\n<p>As rela\u00e7\u00f5es entre Estados Unidos e China est\u00e3o entre os fatores externos que o exportador brasileiro precisar\u00e1 observar. Segundo Castro, dos 2 trilh\u00f5es de d\u00f3lares exportados pela China, 500 bilh\u00f5es s\u00e3o para os Estados Unidos, com um saldo positivo de 380 bilh\u00f5es.<\/p>\n<p>Eleito para ocupar a presid\u00eancia a partir de 2017, Donald Trump sinalizou na campanha que pretende atrair mais empregos para o pa\u00eds com medidas que podem embarreirar essas exporta\u00e7\u00f5es chinesas, o que pode levar o pa\u00eds asi\u00e1tico a buscar novos destinos, como o Brasil. Ao mesmo tempo, o Brasil \u00e9 fornecedor de mat\u00e9ria prima para as exporta\u00e7\u00f5es chinesas.<\/p>\n<p>&#8220;A gente tem que todos os dias acordar e rezar para que a China continue com sa\u00fade financeira e continue a comprar as nossas commodities&#8221;, disse.<\/p>\n<p>Mais produtividade<\/p>\n<p>O ministro interino do Desenvolvimento, Ind\u00fastria e Com\u00e9rcio Exterior tamb\u00e9m fez palestra na abertura do evento e destacou a\u00e7\u00f5es para aumentar a produtividade das empresas brasileiras. Exemplificou com o Programa Brasil Mais Produtivo, que implementa modifica\u00e7\u00f5es de baixo custo nos processos de 3 mil empresas de pequeno e m\u00e9dio porte e, segundo ele, conseguiu um aumento de produtividade de mais de 50%.<\/p>\n<p>O ministro interino (o titular, Marcos Pereira, est\u00e1 no exterior) destacou que o pa\u00eds est\u00e1 buscando maior abertura comercial, e que os acordos do Brasil fora da Am\u00e9rica Latina s\u00e3o em n\u00famero muito reduzido, al\u00e9m de tratarem principalmente de redu\u00e7\u00f5es tarif\u00e1rias. &#8220;Esperamos assinar em breve acordos com \u00cdndia e Jord\u00e2nia&#8221;, destacou. Ele tamb\u00e9m chamou a aten\u00e7\u00e3o para o baixo crescimento da competitividade no pa\u00eds. &#8220;\u00c9 imperioso atacar esse problema&#8221;.<\/p>\n<p>Vin\u00edcius Lisboa &#8211; Rep\u00f3rter da Ag\u00eancia Brasil<br \/>\nEdi\u00e7\u00e3o: Kleber Sampaio<br \/>\n25\/11\/2016<\/p>\n","protected":false},"excerpt":{"rendered":"<p>O presidente da Associa\u00e7\u00e3o de Com\u00e9rcio Exterior do Brasil (AEB), Jos\u00e9 Augusto de Castro, abriu o Encontro Nacional de Com\u00e9rcio Exterior com a avalia\u00e7\u00e3o de que 2016 est\u00e1 sendo um ano dif\u00edcil para o setor que chegou a ser apontado como alternativa para o pa\u00eds com a queda da atividade interna. Apesar de a balan\u00e7a [&hellip;]<\/p>\n","protected":false},"author":2,"featured_media":38938,"comment_status":"open","ping_status":"closed","sticky":false,"template":"","format":"standard","meta":{"_genesis_hide_title":false,"_genesis_hide_breadcrumbs":false,"_genesis_hide_singular_image":false,"_genesis_hide_footer_widgets":false,"_genesis_custom_body_class":"","_genesis_custom_post_class":"","_genesis_layout":"","_jetpack_memberships_contains_paid_content":false,"footnotes":""},"categories":[22,7],"tags":[],"class_list":{"0":"post-100518","1":"post","2":"type-post","3":"status-publish","4":"format-standard","5":"has-post-thumbnail","7":"category-brasil","8":"category-economia","9":"entry","10":"gs-1","11":"gs-odd","12":"gs-even","13":"gs-featured-content-entry"},"jetpack_featured_media_url":"https:\/\/www.redenoticia.com.br\/noticia\/imagens\/economia1.jpg","jetpack_sharing_enabled":true,"jetpack_likes_enabled":true,"_links":{"self":[{"href":"https:\/\/www.redenoticia.com.br\/noticia\/wp-json\/wp\/v2\/posts\/100518","targetHints":{"allow":["GET"]}}],"collection":[{"href":"https:\/\/www.redenoticia.com.br\/noticia\/wp-json\/wp\/v2\/posts"}],"about":[{"href":"https:\/\/www.redenoticia.com.br\/noticia\/wp-json\/wp\/v2\/types\/post"}],"author":[{"embeddable":true,"href":"https:\/\/www.redenoticia.com.br\/noticia\/wp-json\/wp\/v2\/users\/2"}],"replies":[{"embeddable":true,"href":"https:\/\/www.redenoticia.com.br\/noticia\/wp-json\/wp\/v2\/comments?post=100518"}],"version-history":[{"count":0,"href":"https:\/\/www.redenoticia.com.br\/noticia\/wp-json\/wp\/v2\/posts\/100518\/revisions"}],"wp:featuredmedia":[{"embeddable":true,"href":"https:\/\/www.redenoticia.com.br\/noticia\/wp-json\/wp\/v2\/media\/38938"}],"wp:attachment":[{"href":"https:\/\/www.redenoticia.com.br\/noticia\/wp-json\/wp\/v2\/media?parent=100518"}],"wp:term":[{"taxonomy":"category","embeddable":true,"href":"https:\/\/www.redenoticia.com.br\/noticia\/wp-json\/wp\/v2\/categories?post=100518"},{"taxonomy":"post_tag","embeddable":true,"href":"https:\/\/www.redenoticia.com.br\/noticia\/wp-json\/wp\/v2\/tags?post=100518"}],"curies":[{"name":"wp","href":"https:\/\/api.w.org\/{rel}","templated":true}]}}