{"id":100514,"date":"2016-11-25T06:41:16","date_gmt":"2016-11-25T08:41:16","guid":{"rendered":"http:\/\/www.redenoticia.com.br\/noticia\/?p=100514"},"modified":"2016-11-24T10:42:05","modified_gmt":"2016-11-24T12:42:05","slug":"governo-anunciara-medidas-para-facilitar-acesso-ao-programa-tesouro-direto","status":"publish","type":"post","link":"https:\/\/www.redenoticia.com.br\/noticia\/2016\/governo-anunciara-medidas-para-facilitar-acesso-ao-programa-tesouro-direto\/100514","title":{"rendered":"Governo anunciar\u00e1 medidas para facilitar acesso ao programa Tesouro Direto"},"content":{"rendered":"<p> O governo vai anunciar, na pr\u00f3xima semana, melhorias no programa <strong><em>Tesouro Direto<\/em><\/strong>, para facilitar os investimentos e resgates de t\u00edtulos p\u00fablicos. Segundo o coordenador-geral de Planejamento Estrat\u00e9gico da D\u00edvida P\u00fablica do Tesouro Nacional, Luiz Fernando Alves, desde o ano passado o Tesouro Direto vem passando por mudan\u00e7as para se tornar mais simples e acess\u00edvel. \u201cTudo isso tem resultado em bons n\u00fameros do programa\u201d, disse, ao destacar que em outubro o programa ultrapassou a marca de mais de 1 milh\u00e3o de investidores cadastrados. Alves n\u00e3o adiantou as medidas que ser\u00e3o anunciadas.<\/p>\n<p>Em outubro, 50,5 mil novos investidores se cadastraram no programa. Com isso, o total de investidores chegou a 1,024 milh\u00e3o.<\/p>\n<p>O Tesouro Direto foi criado em janeiro de 2002 para popularizar esse tipo de aplica\u00e7\u00e3o e permitir que pessoas f\u00edsicas possam adquirir t\u00edtulos p\u00fablicos diretamente do Tesouro, pela internet, sem intermedia\u00e7\u00e3o de agentes financeiros. O aplicador s\u00f3 tem de pagar uma taxa \u00e0 corretora respons\u00e1vel pela cust\u00f3dia dos t\u00edtulos.<\/p>\n<p>A venda de t\u00edtulos \u00e9 uma das formas que o governo tem de captar recursos para pagar d\u00edvidas e honrar compromissos. Em troca, o Tesouro Nacional se compromete a devolver o valor com um adicional que pode variar de acordo com a Selic, \u00edndices de infla\u00e7\u00e3o, c\u00e2mbio ou uma taxa definida antecipadamente, no caso dos pap\u00e9is prefixados.<\/p>\n<p>Kelly Oliveira \u2013 Rep\u00f3rter da Ag\u00eancia Brasil<br \/>\nEdi\u00e7\u00e3o: Gra\u00e7a Adjuto<br \/>\n25\/11\/2016<\/p>\n","protected":false},"excerpt":{"rendered":"<p>O governo vai anunciar, na pr\u00f3xima semana, melhorias no programa Tesouro Direto, para facilitar os investimentos e resgates de t\u00edtulos p\u00fablicos. Segundo o coordenador-geral de Planejamento Estrat\u00e9gico da D\u00edvida P\u00fablica do Tesouro Nacional, Luiz Fernando Alves, desde o ano passado o Tesouro Direto vem passando por mudan\u00e7as para se tornar mais simples e acess\u00edvel. \u201cTudo [&hellip;]<\/p>\n","protected":false},"author":2,"featured_media":40734,"comment_status":"open","ping_status":"closed","sticky":false,"template":"","format":"standard","meta":{"_genesis_hide_title":false,"_genesis_hide_breadcrumbs":false,"_genesis_hide_singular_image":false,"_genesis_hide_footer_widgets":false,"_genesis_custom_body_class":"","_genesis_custom_post_class":"","_genesis_layout":"","_jetpack_memberships_contains_paid_content":false,"footnotes":""},"categories":[22,7],"tags":[],"class_list":{"0":"post-100514","1":"post","2":"type-post","3":"status-publish","4":"format-standard","5":"has-post-thumbnail","7":"category-brasil","8":"category-economia","9":"entry","10":"gs-1","11":"gs-odd","12":"gs-even","13":"gs-featured-content-entry"},"jetpack_featured_media_url":"https:\/\/www.redenoticia.com.br\/noticia\/imagens\/economia-resultados.jpg","jetpack_sharing_enabled":true,"jetpack_likes_enabled":true,"_links":{"self":[{"href":"https:\/\/www.redenoticia.com.br\/noticia\/wp-json\/wp\/v2\/posts\/100514","targetHints":{"allow":["GET"]}}],"collection":[{"href":"https:\/\/www.redenoticia.com.br\/noticia\/wp-json\/wp\/v2\/posts"}],"about":[{"href":"https:\/\/www.redenoticia.com.br\/noticia\/wp-json\/wp\/v2\/types\/post"}],"author":[{"embeddable":true,"href":"https:\/\/www.redenoticia.com.br\/noticia\/wp-json\/wp\/v2\/users\/2"}],"replies":[{"embeddable":true,"href":"https:\/\/www.redenoticia.com.br\/noticia\/wp-json\/wp\/v2\/comments?post=100514"}],"version-history":[{"count":0,"href":"https:\/\/www.redenoticia.com.br\/noticia\/wp-json\/wp\/v2\/posts\/100514\/revisions"}],"wp:featuredmedia":[{"embeddable":true,"href":"https:\/\/www.redenoticia.com.br\/noticia\/wp-json\/wp\/v2\/media\/40734"}],"wp:attachment":[{"href":"https:\/\/www.redenoticia.com.br\/noticia\/wp-json\/wp\/v2\/media?parent=100514"}],"wp:term":[{"taxonomy":"category","embeddable":true,"href":"https:\/\/www.redenoticia.com.br\/noticia\/wp-json\/wp\/v2\/categories?post=100514"},{"taxonomy":"post_tag","embeddable":true,"href":"https:\/\/www.redenoticia.com.br\/noticia\/wp-json\/wp\/v2\/tags?post=100514"}],"curies":[{"name":"wp","href":"https:\/\/api.w.org\/{rel}","templated":true}]}}