{"id":100394,"date":"2016-11-24T06:51:19","date_gmt":"2016-11-24T08:51:19","guid":{"rendered":"http:\/\/www.redenoticia.com.br\/noticia\/?p=100394"},"modified":"2016-11-23T13:52:16","modified_gmt":"2016-11-23T15:52:16","slug":"inflacao-pelo-ipca-15-fecha-novembro-em-026-mas-acumulado-do-ano-e-de-638","status":"publish","type":"post","link":"https:\/\/www.redenoticia.com.br\/noticia\/2016\/inflacao-pelo-ipca-15-fecha-novembro-em-026-mas-acumulado-do-ano-e-de-638\/100394","title":{"rendered":"Infla\u00e7\u00e3o pelo IPCA-15 fecha novembro em 0,26%, mas acumulado do ano \u00e9 de 6,38%"},"content":{"rendered":"<p> A <strong><em>infla\u00e7\u00e3o<\/em><\/strong> &#8211; medida pelo \u00cdndice Nacional de Pre\u00e7os ao Consumidor Amplo \u2013 15 (IPCA-15) &#8211; fechou o m\u00eas de novembro com varia\u00e7\u00e3o de 0,26%, o menor resultado do indicador para os meses de novembro desde a taxa de 0,23% de 2007.<\/p>\n<p>Os dados foram divulgados pelo Instituto Brasileiro de Geografia e Estat\u00edstica (IBGE), no Rio de Janeiro, e indicam que o resultado acumulado de janeiro a novembro \u00e9 de 6,38%, bem abaixo dos 9,42% anotados em igual per\u00edodo do ano passado.<\/p>\n<p>Apesar do \u00edndice relativamente baixo, a taxa de novembro deste ano \u00e9 0,07 ponto percentual maior que a  de outubro: 0,19%. Considerando os \u00faltimos 12 meses, o \u00edndice foi para 7,64%, tamb\u00e9m abaixo dos 8,27% registrados nos 12 meses imediatamente anteriores. Em outubro de 2015, havia sido 0,85%.<\/p>\n<p>Retra\u00e7\u00e3o<\/p>\n<p>A retra\u00e7\u00e3o dos pre\u00e7os dos alimentos, que, por algum tempo vinha pressionando a infla\u00e7\u00e3o para cima, mais uma vez contribuiu para que a infla\u00e7\u00e3o ficasse em patamar baixo, uma vez que o grupo sa\u00fade e cuidados pessoais continuou pressionando para cima.<\/p>\n<p>Segundo o IBGE, enquanto os pre\u00e7os do grupo alimenta\u00e7\u00e3o e bebidas fecharam com defla\u00e7\u00e3o (infla\u00e7\u00e3o negativa) de 0,06%, os de sa\u00fade e cuidados pessoais chegaram a subir 0,68%. O grupo vestu\u00e1rio, com varia\u00e7\u00e3o tamb\u00e9m negativa (-0,03%), contribuiu para segurar os pre\u00e7os do IPCA-15, em novembro.<\/p>\n<p>Alimenta\u00e7\u00e3o tem redu\u00e7\u00e3o de pre\u00e7os<\/p>\n<p>Mesmo fechando novembro com queda de pre\u00e7os menos intensa do que em outubro, o grupo alimenta\u00e7\u00e3o e bebidas acusou redu\u00e7\u00e3o de pre\u00e7os em v\u00e1rios dos produtos considerados pelo IBGE como importantes na composi\u00e7\u00e3o da cesta das fam\u00edlias.<\/p>\n<p>Os dados indicam que, com a infla\u00e7\u00e3o negativa de 0,06% em novembro, o IPCA-15 j\u00e1 acumula nos \u00faltimos dois meses uma queda de 0,31 ponto percentual. O principal destaque ficou com o leite longa vida, produto importante para muitas fam\u00edlias. Ele passou a custar 10,52% a menos em novembro, e, com isso, exerceu o principal impacto para baixo no \u00edndice do m\u00eas (-0,12 ponto percentual).<\/p>\n<p>Outros itens aliment\u00edcios que se destacaram foram: feij\u00e3o-carioca (-11,84%), feij\u00e3o-mulatinho (-7,82%), tomate (-6,61%) e cenoura (-4,31%), todos vil\u00e3o da infla\u00e7\u00e3o h\u00e1 pouco tempo. Mesmo com o grupo em queda, alguns alimentos exerceram press\u00e3o de alta sobre o \u00edndice, especialmente a\u00e7\u00facar cristal (3,73%), pescados (3,91%), batata-inglesa (3,26%), cerveja (2,36%) e carnes (1,43%).<\/p>\n<p>Influ\u00eancia dos seguros e planos de sa\u00fade<\/p>\n<p>Os n\u00fameros do IPCA-15 trazem em novembro uma tend\u00eancia de alta, com destaque para o etanol, cujo litro ficou 7,29% mais caro, e, assim, exercendo o mais elevado impacto individual no m\u00eas (0,07 ponto percentual). O IBGE chama a aten\u00e7\u00e3o, tamb\u00e9m, para o item multa [de tr\u00e2nsito] pelo expressivo aumento de 23,72%, como reflexo do reajuste m\u00e9dio de 53%, em vigor desde 1\u00ba de novembro.<\/p>\n<p>Outros itens que tamb\u00e9m influenciaram o resultado do m\u00eas foram: seguro de ve\u00edculo (2,61%), plano de sa\u00fade (1,07%), empregado dom\u00e9stico (0,87%), m\u00e3o de obra para pequenos reparos (0,87%), artigos de higiene pessoal (0,87%), emplacamento e licen\u00e7a (0,80%), cabeleireiro (0,67%) e gasolina (0,59%).<\/p>\n<p>Pesquisa por regi\u00f5es<\/p>\n<p>A an\u00e1lise regional do IPCA-15 mostra que, em novembro, a alta mais expressiva foi registrada na regi\u00e3o metropolitana de Recife (0,55%), resultado que chega a ser 0,29 ponto percentual superior \u00e0 m\u00e9dia nacional de 0,26%. Tamb\u00e9m apresentaram resultados acima da m\u00e9dia nacional o Rio de Janeiro e S\u00e3o Paulo, com alta de 0,29%.<\/p>\n<p>J\u00e1 a menor varia\u00e7\u00e3o foi anotada em Goi\u00e2nia, onde o IPCA-15 fechou com infla\u00e7\u00e3o negativa de 0,03%, influenciada pela queda de 4,15% do item energia el\u00e9trica. Tamb\u00e9m tiveram varia\u00e7\u00e3o perto de zero Bel\u00e9m e Porto Alegre com alta de apenas 0,3%.<\/p>\n<p>O que \u00e9 o IPCA-15<\/p>\n<p>Pr\u00e9via da infla\u00e7\u00e3o oficial do pa\u00eds, o IPCA-15 tem praticamente a mesma metodologia do \u00edndice utilizado pelo Banco Central para o balizamento das metas de infla\u00e7\u00e3o. A diferen\u00e7a est\u00e1 na periodicidade e na abrang\u00eancia geogr\u00e1fica.<\/p>\n<p>Para o IPCA-15, os pre\u00e7os foram coletados no per\u00edodo de 14 de outubro a 14 de novembro (m\u00eas de refer\u00eancia) e comparados com os vigentes de 15 de setembro a 13 de outubro. O indicador refere-se \u00e0s fam\u00edlias com rendimento de 1 a 40 sal\u00e1rios m\u00ednimos.<\/p>\n<p> Nielmar de Oliveira &#8211; Rep\u00f3rter da Ag\u00eancia Brasil<br \/>\nEdi\u00e7\u00e3o: Kleber Sampaio<br \/>\n24\/11\/2016<\/p>\n","protected":false},"excerpt":{"rendered":"<p>A infla\u00e7\u00e3o &#8211; medida pelo \u00cdndice Nacional de Pre\u00e7os ao Consumidor Amplo \u2013 15 (IPCA-15) &#8211; fechou o m\u00eas de novembro com varia\u00e7\u00e3o de 0,26%, o menor resultado do indicador para os meses de novembro desde a taxa de 0,23% de 2007. Os dados foram divulgados pelo Instituto Brasileiro de Geografia e Estat\u00edstica (IBGE), no [&hellip;]<\/p>\n","protected":false},"author":2,"featured_media":57584,"comment_status":"open","ping_status":"closed","sticky":false,"template":"","format":"standard","meta":{"_genesis_hide_title":false,"_genesis_hide_breadcrumbs":false,"_genesis_hide_singular_image":false,"_genesis_hide_footer_widgets":false,"_genesis_custom_body_class":"","_genesis_custom_post_class":"","_genesis_layout":"","_jetpack_memberships_contains_paid_content":false,"footnotes":""},"categories":[22,7],"tags":[],"class_list":{"0":"post-100394","1":"post","2":"type-post","3":"status-publish","4":"format-standard","5":"has-post-thumbnail","7":"category-brasil","8":"category-economia","9":"entry","10":"gs-1","11":"gs-odd","12":"gs-even","13":"gs-featured-content-entry"},"jetpack_featured_media_url":"https:\/\/www.redenoticia.com.br\/noticia\/imagens\/economia-grafica-analise-inflacao.jpg","jetpack_sharing_enabled":true,"jetpack_likes_enabled":true,"_links":{"self":[{"href":"https:\/\/www.redenoticia.com.br\/noticia\/wp-json\/wp\/v2\/posts\/100394","targetHints":{"allow":["GET"]}}],"collection":[{"href":"https:\/\/www.redenoticia.com.br\/noticia\/wp-json\/wp\/v2\/posts"}],"about":[{"href":"https:\/\/www.redenoticia.com.br\/noticia\/wp-json\/wp\/v2\/types\/post"}],"author":[{"embeddable":true,"href":"https:\/\/www.redenoticia.com.br\/noticia\/wp-json\/wp\/v2\/users\/2"}],"replies":[{"embeddable":true,"href":"https:\/\/www.redenoticia.com.br\/noticia\/wp-json\/wp\/v2\/comments?post=100394"}],"version-history":[{"count":0,"href":"https:\/\/www.redenoticia.com.br\/noticia\/wp-json\/wp\/v2\/posts\/100394\/revisions"}],"wp:featuredmedia":[{"embeddable":true,"href":"https:\/\/www.redenoticia.com.br\/noticia\/wp-json\/wp\/v2\/media\/57584"}],"wp:attachment":[{"href":"https:\/\/www.redenoticia.com.br\/noticia\/wp-json\/wp\/v2\/media?parent=100394"}],"wp:term":[{"taxonomy":"category","embeddable":true,"href":"https:\/\/www.redenoticia.com.br\/noticia\/wp-json\/wp\/v2\/categories?post=100394"},{"taxonomy":"post_tag","embeddable":true,"href":"https:\/\/www.redenoticia.com.br\/noticia\/wp-json\/wp\/v2\/tags?post=100394"}],"curies":[{"name":"wp","href":"https:\/\/api.w.org\/{rel}","templated":true}]}}