{"id":100392,"date":"2016-11-24T06:50:13","date_gmt":"2016-11-24T08:50:13","guid":{"rendered":"http:\/\/www.redenoticia.com.br\/noticia\/?p=100392"},"modified":"2016-11-23T13:51:13","modified_gmt":"2016-11-23T15:51:13","slug":"divida-publica-federal-cai-046-em-outubro","status":"publish","type":"post","link":"https:\/\/www.redenoticia.com.br\/noticia\/2016\/divida-publica-federal-cai-046-em-outubro\/100392","title":{"rendered":"D\u00edvida p\u00fablica federal cai 0,46% em outubro"},"content":{"rendered":"<p> A <strong><em>D\u00edvida P\u00fablica Federal<\/em><\/strong>, que inclui o endividamento interno e externo, teve redu\u00e7\u00e3o de 0,46%, em termos nominais, passando de R$ 3,046 trilh\u00f5es em setembro para R$ 3,032 trilh\u00f5es em outubro. Os dados foram divulgados pelo Tesouro Nacional.<\/p>\n<p>A varia\u00e7\u00e3o do endividamento do Tesouro pode ocorrer por meio da oferta de t\u00edtulos p\u00fablicos em leil\u00f5es, pela internet (Tesouro Direto) ou pela emiss\u00e3o direta. A varia\u00e7\u00e3o pode ocorrer tamb\u00e9m pela assinatura de contratos de empr\u00e9stimo. Nesse caso, o Tesouro toma empr\u00e9stimo de uma institui\u00e7\u00e3o financeira ou de um banco de fomento, destinado a financiar o desenvolvimento de uma determinada regi\u00e3o. J\u00e1 a redu\u00e7\u00e3o do endividamento se d\u00e1, por exemplo, pelo resgate de t\u00edtulos.<\/p>\n<p>A D\u00edvida P\u00fablica Mobili\u00e1ria Federal interna (DPMFi), em circula\u00e7\u00e3o no mercado nacional, teve seu estoque reduzido em 0,40%, ao passar de R$ 2,920 trilh\u00f5es para R$ 2,909 trilh\u00f5es devido ao resgate l\u00edquido, no valor de R$ 35,59 bilh\u00f5es, compensado parcialmente pela apropria\u00e7\u00e3o positiva de juros, no valor de R$ 23,99 bilh\u00f5es.<\/p>\n<p>Com rela\u00e7\u00e3o ao estoque da D\u00edvida P\u00fablica Federal externa (DPFe), houve redu\u00e7\u00e3o de 1,92% sobre o estoque apurado em setembro, encerrando outubro em R$ 123,61 bilh\u00f5es (US$ 38,86 bilh\u00f5es), sendo R$ 113,45 bilh\u00f5es (US$ 35,66 bilh\u00f5es) referentes \u00e0 d\u00edvida mobili\u00e1ria (t\u00edtulos) e R$ 10,16 bilh\u00f5es (US$ 3,19 bilh\u00f5es) \u00e0 d\u00edvida contratual.<\/p>\n<p>De acordo com o Plano Anual de Financiamento (PAF), o governo estima que a D\u00edvida P\u00fablica Federal em 2016 fique entre R$ 3,1 trilh\u00f5es e R$ 3,3 trilh\u00f5es.<\/p>\n<p>Kelly Oliveira \u2013 Rep\u00f3rter da Ag\u00eancia Brasil<br \/>\nEdi\u00e7\u00e3o: Gra\u00e7a Adjuto<br \/>\n24\/11\/2016<\/p>\n","protected":false},"excerpt":{"rendered":"<p>A D\u00edvida P\u00fablica Federal, que inclui o endividamento interno e externo, teve redu\u00e7\u00e3o de 0,46%, em termos nominais, passando de R$ 3,046 trilh\u00f5es em setembro para R$ 3,032 trilh\u00f5es em outubro. Os dados foram divulgados pelo Tesouro Nacional. A varia\u00e7\u00e3o do endividamento do Tesouro pode ocorrer por meio da oferta de t\u00edtulos p\u00fablicos em leil\u00f5es, [&hellip;]<\/p>\n","protected":false},"author":2,"featured_media":38938,"comment_status":"open","ping_status":"closed","sticky":false,"template":"","format":"standard","meta":{"_genesis_hide_title":false,"_genesis_hide_breadcrumbs":false,"_genesis_hide_singular_image":false,"_genesis_hide_footer_widgets":false,"_genesis_custom_body_class":"","_genesis_custom_post_class":"","_genesis_layout":"","_jetpack_memberships_contains_paid_content":false,"footnotes":""},"categories":[22,7],"tags":[],"class_list":{"0":"post-100392","1":"post","2":"type-post","3":"status-publish","4":"format-standard","5":"has-post-thumbnail","7":"category-brasil","8":"category-economia","9":"entry","10":"gs-1","11":"gs-odd","12":"gs-even","13":"gs-featured-content-entry"},"jetpack_featured_media_url":"https:\/\/www.redenoticia.com.br\/noticia\/imagens\/economia1.jpg","jetpack_sharing_enabled":true,"jetpack_likes_enabled":true,"_links":{"self":[{"href":"https:\/\/www.redenoticia.com.br\/noticia\/wp-json\/wp\/v2\/posts\/100392","targetHints":{"allow":["GET"]}}],"collection":[{"href":"https:\/\/www.redenoticia.com.br\/noticia\/wp-json\/wp\/v2\/posts"}],"about":[{"href":"https:\/\/www.redenoticia.com.br\/noticia\/wp-json\/wp\/v2\/types\/post"}],"author":[{"embeddable":true,"href":"https:\/\/www.redenoticia.com.br\/noticia\/wp-json\/wp\/v2\/users\/2"}],"replies":[{"embeddable":true,"href":"https:\/\/www.redenoticia.com.br\/noticia\/wp-json\/wp\/v2\/comments?post=100392"}],"version-history":[{"count":0,"href":"https:\/\/www.redenoticia.com.br\/noticia\/wp-json\/wp\/v2\/posts\/100392\/revisions"}],"wp:featuredmedia":[{"embeddable":true,"href":"https:\/\/www.redenoticia.com.br\/noticia\/wp-json\/wp\/v2\/media\/38938"}],"wp:attachment":[{"href":"https:\/\/www.redenoticia.com.br\/noticia\/wp-json\/wp\/v2\/media?parent=100392"}],"wp:term":[{"taxonomy":"category","embeddable":true,"href":"https:\/\/www.redenoticia.com.br\/noticia\/wp-json\/wp\/v2\/categories?post=100392"},{"taxonomy":"post_tag","embeddable":true,"href":"https:\/\/www.redenoticia.com.br\/noticia\/wp-json\/wp\/v2\/tags?post=100392"}],"curies":[{"name":"wp","href":"https:\/\/api.w.org\/{rel}","templated":true}]}}