{"id":100390,"date":"2016-11-24T06:49:21","date_gmt":"2016-11-24T08:49:21","guid":{"rendered":"http:\/\/www.redenoticia.com.br\/noticia\/?p=100390"},"modified":"2016-11-23T13:50:08","modified_gmt":"2016-11-23T15:50:08","slug":"programa-gerador-do-ir-retido-na-fonte-estara-disponivel-a-partir-de-janeiro","status":"publish","type":"post","link":"https:\/\/www.redenoticia.com.br\/noticia\/2016\/programa-gerador-do-ir-retido-na-fonte-estara-disponivel-a-partir-de-janeiro\/100390","title":{"rendered":"Programa gerador do IR retido na fonte estar\u00e1 dispon\u00edvel a partir de janeiro"},"content":{"rendered":"<p> O Di\u00e1rio Oficial da Uni\u00e3o publicou instru\u00e7\u00e3o normativa que disp\u00f5e sobre a Declara\u00e7\u00e3o do Imposto sobre a Renda Retido na Fonte referente ao ano-calend\u00e1rio 2016, a Dirf 2017. Segundo a <strong><em>Receita Federal<\/em><\/strong>, esse ato normativo tem duas novidades em rela\u00e7\u00e3o aos anos anteriores: estabelece o prazo de apresenta\u00e7\u00e3o da declara\u00e7\u00e3o para 15 de fevereiro de 2017 e  obriga a identifica\u00e7\u00e3o de todos os s\u00f3cios das Sociedades em Conta de Participa\u00e7\u00e3o.<\/p>\n<p>A apresenta\u00e7\u00e3o da Dirf 2017 \u00e9 obrigat\u00f3ria para empresas e pessoas f\u00edsicas que  pagaram  ou  creditaram  rendimentos  sobre  os  quais  tenha incidido reten\u00e7\u00e3o do Imposto sobre a Renda Retido na Fonte , ainda que em um \u00fanico m\u00eas do ano-calend\u00e1rio, por si ou como representantes de terceiros.<\/p>\n<p>A Dirf 2017 dever\u00e1 ser apresentada at\u00e9 as 23h59min59s do dia 15 de fevereiro de 2017 atrav\u00e9s do Programa Gerador de Declara\u00e7\u00f5es (PGD Dirf) 2017 \u2013 de uso obrigat\u00f3rio \u2013 a ser disponibilizado pela Secretaria da Receita Federal do Brasil (RFB), em seu s\u00edtio na Internet, a partir do primeiro dia \u00fatil de janeiro de 2017.<\/p>\n<p>Da Ag\u00eancia Brasil<br \/>\nEdi\u00e7\u00e3o: Lidia Neves<br \/>\n24\/11\/2016<\/p>\n","protected":false},"excerpt":{"rendered":"<p>O Di\u00e1rio Oficial da Uni\u00e3o publicou instru\u00e7\u00e3o normativa que disp\u00f5e sobre a Declara\u00e7\u00e3o do Imposto sobre a Renda Retido na Fonte referente ao ano-calend\u00e1rio 2016, a Dirf 2017. Segundo a Receita Federal, esse ato normativo tem duas novidades em rela\u00e7\u00e3o aos anos anteriores: estabelece o prazo de apresenta\u00e7\u00e3o da declara\u00e7\u00e3o para 15 de fevereiro de [&hellip;]<\/p>\n","protected":false},"author":2,"featured_media":23889,"comment_status":"open","ping_status":"closed","sticky":false,"template":"","format":"standard","meta":{"_genesis_hide_title":false,"_genesis_hide_breadcrumbs":false,"_genesis_hide_singular_image":false,"_genesis_hide_footer_widgets":false,"_genesis_custom_body_class":"","_genesis_custom_post_class":"","_genesis_layout":"","_jetpack_memberships_contains_paid_content":false,"footnotes":""},"categories":[22,7],"tags":[],"class_list":{"0":"post-100390","1":"post","2":"type-post","3":"status-publish","4":"format-standard","5":"has-post-thumbnail","7":"category-brasil","8":"category-economia","9":"entry","10":"gs-1","11":"gs-odd","12":"gs-even","13":"gs-featured-content-entry"},"jetpack_featured_media_url":"https:\/\/www.redenoticia.com.br\/noticia\/imagens\/receita-federal-irpf-2010.jpg","jetpack_sharing_enabled":true,"jetpack_likes_enabled":true,"_links":{"self":[{"href":"https:\/\/www.redenoticia.com.br\/noticia\/wp-json\/wp\/v2\/posts\/100390","targetHints":{"allow":["GET"]}}],"collection":[{"href":"https:\/\/www.redenoticia.com.br\/noticia\/wp-json\/wp\/v2\/posts"}],"about":[{"href":"https:\/\/www.redenoticia.com.br\/noticia\/wp-json\/wp\/v2\/types\/post"}],"author":[{"embeddable":true,"href":"https:\/\/www.redenoticia.com.br\/noticia\/wp-json\/wp\/v2\/users\/2"}],"replies":[{"embeddable":true,"href":"https:\/\/www.redenoticia.com.br\/noticia\/wp-json\/wp\/v2\/comments?post=100390"}],"version-history":[{"count":0,"href":"https:\/\/www.redenoticia.com.br\/noticia\/wp-json\/wp\/v2\/posts\/100390\/revisions"}],"wp:featuredmedia":[{"embeddable":true,"href":"https:\/\/www.redenoticia.com.br\/noticia\/wp-json\/wp\/v2\/media\/23889"}],"wp:attachment":[{"href":"https:\/\/www.redenoticia.com.br\/noticia\/wp-json\/wp\/v2\/media?parent=100390"}],"wp:term":[{"taxonomy":"category","embeddable":true,"href":"https:\/\/www.redenoticia.com.br\/noticia\/wp-json\/wp\/v2\/categories?post=100390"},{"taxonomy":"post_tag","embeddable":true,"href":"https:\/\/www.redenoticia.com.br\/noticia\/wp-json\/wp\/v2\/tags?post=100390"}],"curies":[{"name":"wp","href":"https:\/\/api.w.org\/{rel}","templated":true}]}}