{"id":100334,"date":"2016-11-22T15:56:07","date_gmt":"2016-11-22T17:56:07","guid":{"rendered":"http:\/\/www.redenoticia.com.br\/noticia\/?p=100334"},"modified":"2016-11-22T16:14:20","modified_gmt":"2016-11-22T18:14:20","slug":"novela-querida-inimiga-resumo-2311-sara-se-irrita-com-lorena-e-alonso","status":"publish","type":"post","link":"https:\/\/www.redenoticia.com.br\/noticia\/2016\/novela-querida-inimiga-resumo-2311-sara-se-irrita-com-lorena-e-alonso\/100334","title":{"rendered":"Novela \u201cQuerida Inimiga\u201d resumo 23\/11: Sara se irrita com Lorena e Alonso"},"content":{"rendered":"<p><img loading=\"lazy\" decoding=\"async\" class=\"alignleft size-thumbnail wp-image-99744\" src=\"https:\/\/www.redenoticia.com.br\/noticia\/imagens\/querida_inimiga_resumo_novela_SBT-150x112.jpg\" alt=\"querida_inimiga_resumo_novela_sbt\" width=\"150\" height=\"112\" srcset=\"https:\/\/www.redenoticia.com.br\/noticia\/imagens\/querida_inimiga_resumo_novela_SBT-150x112.jpg 150w, https:\/\/www.redenoticia.com.br\/noticia\/imagens\/querida_inimiga_resumo_novela_SBT-265x198.jpg 265w\" sizes=\"auto, (max-width: 150px) 100vw, 150px\" \/><strong><em>Novela \u201cQuerida Inimiga\u201d resumo 23\/11<\/em><\/strong>:\u00a0Lorena e Alonso come\u00e7am a namorar e ela lhe diz que se sente muito feliz por t\u00ea-lo a seu lado. Lorena conta a novidade para Maria e Rose. Sara vai at\u00e9 a cl\u00ednica para entregar os convites do evento promovido por sua av\u00f3. Mais tarde, Alonso procura a diretora da escola de gastronomia e diz que vai pagar o curso de Lorena, mas pede que diga que ela ganhou uma bolsa de estudos. Lorena, euf\u00f3rica, conta para Rose e Maria que ganhou uma bolsa de estudos. Chega o dia do evento e Sara comenta com dona Hort\u00eancia que o sal\u00e3o est\u00e1 lotado. Alonso e Lorena chegam ao evento e Sara se irrita ao v\u00ea-los juntos. <\/p>\n<p>No cap\u00edtulo 006(*), novela \u201cQuerida Inimiga\u201d, quarta-feira, 23 de novembro \u2013 Hort\u00eansia fica furiosa quando Vasco diz que vai se dedicar a ecologia e amea\u00e7a deserd\u00e1-lo se insistir nessa ideia. Tur\u00edbio aceita ser o terapeuta de Maria e Rose para ajud\u00e1-las a resolver seus problemas. Betina despreza o presente enviado por Jaqueline e diz a Dar\u00edo que n\u00e3o quer nada dela. Lorena diz a Alonso que se sente muito feliz por t\u00ea-lo a seu lado. J\u00falio confessa a Rose que n\u00e3o tem dinheiro, por isso que n\u00e3o pode convid\u00e1-la para sair.<\/p>\n<p>Ela compreende a situa\u00e7\u00e3o. Lorena conta para Maria e Rose que est\u00e1 namorando com Alonso. Hort\u00eansia volta a pressionar o filho e amea\u00e7a deix\u00e1-lo sem carro e sem cart\u00e3o de cr\u00e9dito se n\u00e3o desistir da profiss\u00e3o. Ele deixa claro para a m\u00e3e que n\u00e3o se importa com suas amea\u00e7as. Sara conversa com B\u00e1rbara e Jaime e se oferece para conversar com Vasco e tentar dissuadi-lo de sua decis\u00e3o. Sara vai at\u00e9 a cl\u00ednica para entregar os convites do evento promovido por sua av\u00f3. Jaqueline entra em p\u00e2nico quando Betina se perde.<\/p>\n<p>Alonso procura a diretora da escola de gastronomia e diz que vai pagar o curso de Lorena, mas pede que diga que ela ganhou uma bolsa de estudos. Hort\u00eancia muda de ideia, pede ao filho que n\u00e3o v\u00e1 embora de casa e diz que aceita sua decis\u00e3o profissional. Lorena, euf\u00f3rica, conta para Rose e Maria que ganhou uma bolsa de estudos. Sara comenta com dona Hort\u00eancia que o sal\u00e3o est\u00e1 lotado. Alonso chega ao evento e Sara se irrita ao v\u00ea-lo com Lorena.<\/p>\n<p>(*) edi\u00e7\u00e3o do SBT, Novela \u201cQuerida Inimiga\u201d, sujeito a altera\u00e7\u00e3o de data e conte\u00fado.<\/p>\n","protected":false},"excerpt":{"rendered":"<p>Novela \u201cQuerida Inimiga\u201d resumo 23\/11:\u00a0Lorena e Alonso come\u00e7am a namorar e ela lhe diz que se sente muito feliz por t\u00ea-lo a seu lado. Lorena conta a novidade para Maria e Rose. Sara vai at\u00e9 a cl\u00ednica para entregar os convites do evento promovido por sua av\u00f3. Mais tarde, Alonso procura a diretora da escola [&hellip;]<\/p>\n","protected":false},"author":4,"featured_media":99744,"comment_status":"open","ping_status":"closed","sticky":false,"template":"","format":"standard","meta":{"_genesis_hide_title":false,"_genesis_hide_breadcrumbs":false,"_genesis_hide_singular_image":false,"_genesis_hide_footer_widgets":false,"_genesis_custom_body_class":"","_genesis_custom_post_class":"","_genesis_layout":"","_jetpack_memberships_contains_paid_content":false,"footnotes":""},"categories":[379,372,343],"tags":[441],"class_list":{"0":"post-100334","1":"post","2":"type-post","3":"status-publish","4":"format-standard","5":"has-post-thumbnail","7":"category-novelas","8":"category-sbt","9":"category-televisao","10":"tag-resumo-do-dia","11":"entry","12":"gs-1","13":"gs-odd","14":"gs-even","15":"gs-featured-content-entry"},"jetpack_featured_media_url":"https:\/\/www.redenoticia.com.br\/noticia\/imagens\/querida_inimiga_resumo_novela_SBT.jpg","jetpack_sharing_enabled":true,"jetpack_likes_enabled":true,"_links":{"self":[{"href":"https:\/\/www.redenoticia.com.br\/noticia\/wp-json\/wp\/v2\/posts\/100334","targetHints":{"allow":["GET"]}}],"collection":[{"href":"https:\/\/www.redenoticia.com.br\/noticia\/wp-json\/wp\/v2\/posts"}],"about":[{"href":"https:\/\/www.redenoticia.com.br\/noticia\/wp-json\/wp\/v2\/types\/post"}],"author":[{"embeddable":true,"href":"https:\/\/www.redenoticia.com.br\/noticia\/wp-json\/wp\/v2\/users\/4"}],"replies":[{"embeddable":true,"href":"https:\/\/www.redenoticia.com.br\/noticia\/wp-json\/wp\/v2\/comments?post=100334"}],"version-history":[{"count":0,"href":"https:\/\/www.redenoticia.com.br\/noticia\/wp-json\/wp\/v2\/posts\/100334\/revisions"}],"wp:featuredmedia":[{"embeddable":true,"href":"https:\/\/www.redenoticia.com.br\/noticia\/wp-json\/wp\/v2\/media\/99744"}],"wp:attachment":[{"href":"https:\/\/www.redenoticia.com.br\/noticia\/wp-json\/wp\/v2\/media?parent=100334"}],"wp:term":[{"taxonomy":"category","embeddable":true,"href":"https:\/\/www.redenoticia.com.br\/noticia\/wp-json\/wp\/v2\/categories?post=100334"},{"taxonomy":"post_tag","embeddable":true,"href":"https:\/\/www.redenoticia.com.br\/noticia\/wp-json\/wp\/v2\/tags?post=100334"}],"curies":[{"name":"wp","href":"https:\/\/api.w.org\/{rel}","templated":true}]}}