{"id":100330,"date":"2016-11-22T18:15:05","date_gmt":"2016-11-22T20:15:05","guid":{"rendered":"http:\/\/www.redenoticia.com.br\/noticia\/?p=100330"},"modified":"2016-11-22T16:09:37","modified_gmt":"2016-11-22T18:09:37","slug":"novela-lagrimas-de-amor-resumo-2311-regina-aconselha-edmundo","status":"publish","type":"post","link":"https:\/\/www.redenoticia.com.br\/noticia\/2016\/novela-lagrimas-de-amor-resumo-2311-regina-aconselha-edmundo\/100330","title":{"rendered":"Novela \u201cL\u00e1grimas de Amor\u201d resumo 23\/11: Regina aconselha Edmundo"},"content":{"rendered":"<p><img loading=\"lazy\" decoding=\"async\" class=\"alignleft size-thumbnail wp-image-96552\" src=\"https:\/\/www.redenoticia.com.br\/noticia\/imagens\/lagrimas_de_amor_novela_resumo_SBT-150x112.jpg\" alt=\"lagrimas_de_amor_novela_resumo_sbt\" width=\"150\" height=\"112\" srcset=\"https:\/\/www.redenoticia.com.br\/noticia\/imagens\/lagrimas_de_amor_novela_resumo_SBT-150x112.jpg 150w, https:\/\/www.redenoticia.com.br\/noticia\/imagens\/lagrimas_de_amor_novela_resumo_SBT-265x198.jpg 265w\" sizes=\"auto, (max-width: 150px) 100vw, 150px\" \/><strong><em>Novela \u201cL\u00e1grimas de Amor\u201d resumo 23\/11<\/em><\/strong>: em conversa com Lucero, Regina fala de R\u00f4mulo Ancira e Benjamin escuta. Depois, quando Edmundo visita Regina no trabalho, Benjamin o deixa irritado com seus coment\u00e1rios. Mais tarde, Edmundo diz a Regina que \u00e9 imposs\u00edvel competir com Patricio. Ela se ofende e diz para ele n\u00e3o aceitar os presentes que seu irm\u00e3o lhe deu, porque seu \u00fanico objetivo \u00e9 comprar o seu carinho. <\/p>\n<p>No cap\u00edtulo 038(*), novela \u201cL\u00e1grimas de Amor\u201d, quarta-feira, 23 de novembro \u2013 Edmundo visita Regina no trabalho e Benjamin o deixa irritado com seus coment\u00e1rios. Enquanto isso, In\u00e1cio diz a Consuelo que ir\u00e1 acompanh\u00e1-la at\u00e9 encontrarem seu irm\u00e3o.<\/p>\n<p>Patr\u00edcio tenta falar de moral com Marco, mas ele diz que o jovem \u00e9 o menos indicado para culp\u00e1-lo porque sabe o que ele fez com Olga. Mais tarde, Edmundo diz a Regina que \u00e9 imposs\u00edvel competir com Patricio.<\/p>\n<p>Ela se ofende e diz para ele n\u00e3o aceitar os presentes que seu irm\u00e3o lhe deu, porque seu \u00fanico objetivo \u00e9 comprar o seu carinho.<\/p>\n<p>(*) edi\u00e7\u00e3o do SBT, Novela \u201cL\u00e1grimas de Amor\u201d, sujeito a altera\u00e7\u00e3o de data e conte\u00fado.<\/p>\n","protected":false},"excerpt":{"rendered":"<p>Novela \u201cL\u00e1grimas de Amor\u201d resumo 23\/11: em conversa com Lucero, Regina fala de R\u00f4mulo Ancira e Benjamin escuta. Depois, quando Edmundo visita Regina no trabalho, Benjamin o deixa irritado com seus coment\u00e1rios. Mais tarde, Edmundo diz a Regina que \u00e9 imposs\u00edvel competir com Patricio. Ela se ofende e diz para ele n\u00e3o aceitar os presentes [&hellip;]<\/p>\n","protected":false},"author":4,"featured_media":96552,"comment_status":"open","ping_status":"closed","sticky":false,"template":"","format":"standard","meta":{"_genesis_hide_title":false,"_genesis_hide_breadcrumbs":false,"_genesis_hide_singular_image":false,"_genesis_hide_footer_widgets":false,"_genesis_custom_body_class":"","_genesis_custom_post_class":"","_genesis_layout":"","_jetpack_memberships_contains_paid_content":false,"footnotes":""},"categories":[379,372,343],"tags":[441],"class_list":{"0":"post-100330","1":"post","2":"type-post","3":"status-publish","4":"format-standard","5":"has-post-thumbnail","7":"category-novelas","8":"category-sbt","9":"category-televisao","10":"tag-resumo-do-dia","11":"entry","12":"gs-1","13":"gs-odd","14":"gs-even","15":"gs-featured-content-entry"},"jetpack_featured_media_url":"https:\/\/www.redenoticia.com.br\/noticia\/imagens\/lagrimas_de_amor_novela_resumo_SBT.jpg","jetpack_sharing_enabled":true,"jetpack_likes_enabled":true,"_links":{"self":[{"href":"https:\/\/www.redenoticia.com.br\/noticia\/wp-json\/wp\/v2\/posts\/100330","targetHints":{"allow":["GET"]}}],"collection":[{"href":"https:\/\/www.redenoticia.com.br\/noticia\/wp-json\/wp\/v2\/posts"}],"about":[{"href":"https:\/\/www.redenoticia.com.br\/noticia\/wp-json\/wp\/v2\/types\/post"}],"author":[{"embeddable":true,"href":"https:\/\/www.redenoticia.com.br\/noticia\/wp-json\/wp\/v2\/users\/4"}],"replies":[{"embeddable":true,"href":"https:\/\/www.redenoticia.com.br\/noticia\/wp-json\/wp\/v2\/comments?post=100330"}],"version-history":[{"count":0,"href":"https:\/\/www.redenoticia.com.br\/noticia\/wp-json\/wp\/v2\/posts\/100330\/revisions"}],"wp:featuredmedia":[{"embeddable":true,"href":"https:\/\/www.redenoticia.com.br\/noticia\/wp-json\/wp\/v2\/media\/96552"}],"wp:attachment":[{"href":"https:\/\/www.redenoticia.com.br\/noticia\/wp-json\/wp\/v2\/media?parent=100330"}],"wp:term":[{"taxonomy":"category","embeddable":true,"href":"https:\/\/www.redenoticia.com.br\/noticia\/wp-json\/wp\/v2\/categories?post=100330"},{"taxonomy":"post_tag","embeddable":true,"href":"https:\/\/www.redenoticia.com.br\/noticia\/wp-json\/wp\/v2\/tags?post=100330"}],"curies":[{"name":"wp","href":"https:\/\/api.w.org\/{rel}","templated":true}]}}