{"id":100285,"date":"2016-11-23T06:23:07","date_gmt":"2016-11-23T08:23:07","guid":{"rendered":"http:\/\/www.redenoticia.com.br\/noticia\/?p=100285"},"modified":"2016-11-22T15:24:05","modified_gmt":"2016-11-22T17:24:05","slug":"intencao-de-consumo-das-familias-cresce-05-entre-outubro-e-novembro","status":"publish","type":"post","link":"https:\/\/www.redenoticia.com.br\/noticia\/2016\/intencao-de-consumo-das-familias-cresce-05-entre-outubro-e-novembro\/100285","title":{"rendered":"Inten\u00e7\u00e3o de Consumo das Fam\u00edlias cresce 0,5% entre outubro e novembro"},"content":{"rendered":"<p> A <strong><em>Inten\u00e7\u00e3o de Consumo das Fam\u00edlias<\/em><\/strong> (ICF), medida pela Confedera\u00e7\u00e3o Nacional do Com\u00e9rcio de Bens, Servi\u00e7os e Turismo (CNC), cresceu 0,5% na passagem de outubro para novembro deste ano. Mesmo com o crescimento, o indicador est\u00e1 em 74,3 pontos, em uma escala de 0 a 200.<\/p>\n<p>Segundo a CNC, quando a ICF est\u00e1 abaixo de 100 pontos, mostra que ainda h\u00e1 insatisfa\u00e7\u00e3o do consumidor com a situa\u00e7\u00e3o atual. Al\u00e9m disso, na compara\u00e7\u00e3o com novembro de 2015, houve queda de 2,8% no indicador.<\/p>\n<p>Na compara\u00e7\u00e3o com outubro, tr\u00eas dos sete componentes usados para calcular a ICF tiveram crescimento: n\u00edvel de consumo atual (2,9%), perspectiva de consumo (1,6%) e momento para a compra de bens dur\u00e1veis (1,8%). A avalia\u00e7\u00e3o sobre a renda atual teve queda de 0,5%. Tr\u00eas componentes mantiveram-se est\u00e1veis: emprego atual, perspectiva profissional e compra a prazo.<\/p>\n<p>Na compara\u00e7\u00e3o com novembro do ano passado, quatro componentes tiveram queda: n\u00edvel de consumo atual (-11,4%), compra a prazo (-10,4%), renda atual (-6,8%) e momento para a compra de bens dur\u00e1veis (-3,1%).<\/p>\n<p>Tr\u00eas componentes tiveram alta: perspectiva de consumo (6,5%), perspectiva profissional (2,3%) e emprego atual (1%).<\/p>\n<p>Vitor Abdala \u2013 Rep\u00f3rter da Ag\u00eancia Brasil<br \/>\nEdi\u00e7\u00e3o: Gra\u00e7a Adjuto<br \/>\n23\/11\/2016<\/p>\n","protected":false},"excerpt":{"rendered":"<p>A Inten\u00e7\u00e3o de Consumo das Fam\u00edlias (ICF), medida pela Confedera\u00e7\u00e3o Nacional do Com\u00e9rcio de Bens, Servi\u00e7os e Turismo (CNC), cresceu 0,5% na passagem de outubro para novembro deste ano. Mesmo com o crescimento, o indicador est\u00e1 em 74,3 pontos, em uma escala de 0 a 200. Segundo a CNC, quando a ICF est\u00e1 abaixo de [&hellip;]<\/p>\n","protected":false},"author":2,"featured_media":57584,"comment_status":"open","ping_status":"closed","sticky":false,"template":"","format":"standard","meta":{"_genesis_hide_title":false,"_genesis_hide_breadcrumbs":false,"_genesis_hide_singular_image":false,"_genesis_hide_footer_widgets":false,"_genesis_custom_body_class":"","_genesis_custom_post_class":"","_genesis_layout":"","_jetpack_memberships_contains_paid_content":false,"footnotes":""},"categories":[22,7],"tags":[],"class_list":{"0":"post-100285","1":"post","2":"type-post","3":"status-publish","4":"format-standard","5":"has-post-thumbnail","7":"category-brasil","8":"category-economia","9":"entry","10":"gs-1","11":"gs-odd","12":"gs-even","13":"gs-featured-content-entry"},"jetpack_featured_media_url":"https:\/\/www.redenoticia.com.br\/noticia\/imagens\/economia-grafica-analise-inflacao.jpg","jetpack_sharing_enabled":true,"jetpack_likes_enabled":true,"_links":{"self":[{"href":"https:\/\/www.redenoticia.com.br\/noticia\/wp-json\/wp\/v2\/posts\/100285","targetHints":{"allow":["GET"]}}],"collection":[{"href":"https:\/\/www.redenoticia.com.br\/noticia\/wp-json\/wp\/v2\/posts"}],"about":[{"href":"https:\/\/www.redenoticia.com.br\/noticia\/wp-json\/wp\/v2\/types\/post"}],"author":[{"embeddable":true,"href":"https:\/\/www.redenoticia.com.br\/noticia\/wp-json\/wp\/v2\/users\/2"}],"replies":[{"embeddable":true,"href":"https:\/\/www.redenoticia.com.br\/noticia\/wp-json\/wp\/v2\/comments?post=100285"}],"version-history":[{"count":0,"href":"https:\/\/www.redenoticia.com.br\/noticia\/wp-json\/wp\/v2\/posts\/100285\/revisions"}],"wp:featuredmedia":[{"embeddable":true,"href":"https:\/\/www.redenoticia.com.br\/noticia\/wp-json\/wp\/v2\/media\/57584"}],"wp:attachment":[{"href":"https:\/\/www.redenoticia.com.br\/noticia\/wp-json\/wp\/v2\/media?parent=100285"}],"wp:term":[{"taxonomy":"category","embeddable":true,"href":"https:\/\/www.redenoticia.com.br\/noticia\/wp-json\/wp\/v2\/categories?post=100285"},{"taxonomy":"post_tag","embeddable":true,"href":"https:\/\/www.redenoticia.com.br\/noticia\/wp-json\/wp\/v2\/tags?post=100285"}],"curies":[{"name":"wp","href":"https:\/\/api.w.org\/{rel}","templated":true}]}}