{"id":100252,"date":"2016-11-22T06:09:57","date_gmt":"2016-11-22T08:09:57","guid":{"rendered":"http:\/\/www.redenoticia.com.br\/noticia\/?p=100252"},"modified":"2016-11-21T18:10:57","modified_gmt":"2016-11-21T20:10:57","slug":"producao-e-emprego-na-industria-mantem-queda-em-outubro","status":"publish","type":"post","link":"https:\/\/www.redenoticia.com.br\/noticia\/2016\/producao-e-emprego-na-industria-mantem-queda-em-outubro\/100252","title":{"rendered":"Produ\u00e7\u00e3o e emprego na ind\u00fastria mant\u00eam queda em outubro"},"content":{"rendered":"<p> A produ\u00e7\u00e3o e o <strong><em>emprego<\/em><\/strong> continuam caindo na ind\u00fastria brasileira. Os \u00edndices de evolu\u00e7\u00e3o da produ\u00e7\u00e3o e de emprego ficaram em 45,8 pontos em outubro, segundo a Sondagem Industrial da Ind\u00fastria, divulgada pela Confedera\u00e7\u00e3o Nacional da Ind\u00fastria (CNI). Os indicadores variam de 0 a 100 pontos. \u00cdndices abaixo de 50 pontos revelam queda da produ\u00e7\u00e3o e do emprego. O fraco desempenho do setor est\u00e1 levando empres\u00e1rios a reverem a estimativa.<\/p>\n<p>\u201cA produ\u00e7\u00e3o industrial, que costuma crescer em outubro, manteve o ritmo de queda do m\u00eas anterior e segue muito baixa, provocando elevada ociosidade no setor\u201d, destacou a pesquisa. O \u00edndice de utiliza\u00e7\u00e3o da capacidade instalada caiu um ponto percentual em outubro na compara\u00e7\u00e3o com setembro e ficou em 65%. A pesquisa mostra ainda que os estoques est\u00e3o dentro do planejado pelos empres\u00e1rios. O indicador de estoque efetivo em rela\u00e7\u00e3o ao planejado ficou em 50,6 pontos, pr\u00f3ximo da linha divis\u00f3ria dos 50 pontos.<\/p>\n<p>O baixo volume de produ\u00e7\u00e3o piorou as expectativas dos empres\u00e1rios industriais para os pr\u00f3ximos seis meses. Os indicadores de expectativas de demanda, compra de mat\u00e9rias-primas, exporta\u00e7\u00f5es e n\u00famero de empregados ficaram abaixo dos 50 pontos em novembro. O n\u00famero demonstra que os empres\u00e1rios esperam redu\u00e7\u00e3o da demanda, das exporta\u00e7\u00f5es, das compras de mat\u00e9rias-primas e dos empregos nos pr\u00f3ximos seis meses.<\/p>\n<p>A falta de perspectiva de recupera\u00e7\u00e3o no curto prazo reduziu a disposi\u00e7\u00e3o de os industriais fazerem investimentos. O \u00edndice de inten\u00e7\u00e3o de investimentos ficou em 43,9 pontos em novembro. Mesmo com alta de 3,1 pontos em rela\u00e7\u00e3o a outubro de 2015, o valor est\u00e1 3,7 pontos inferior \u00e0 m\u00e9dia hist\u00f3rica, de 47,6 pontos para o m\u00eas.<\/p>\n<p>A pesquisa foi feita entre 1\u00ba e 11 de novembro com 2.371 empresas industriais em todo o pa\u00eds. Desse total, 979 s\u00e3o pequenas, 862 s\u00e3o m\u00e9dias e 530 s\u00e3o de grande porte.<\/p>\n<p>Da Ag\u00eancia Brasil<br \/>\nEdi\u00e7\u00e3o: L\u00edlian Beraldo<br \/>\n22\/11\/2016<\/p>\n","protected":false},"excerpt":{"rendered":"<p>A produ\u00e7\u00e3o e o emprego continuam caindo na ind\u00fastria brasileira. Os \u00edndices de evolu\u00e7\u00e3o da produ\u00e7\u00e3o e de emprego ficaram em 45,8 pontos em outubro, segundo a Sondagem Industrial da Ind\u00fastria, divulgada pela Confedera\u00e7\u00e3o Nacional da Ind\u00fastria (CNI). Os indicadores variam de 0 a 100 pontos. \u00cdndices abaixo de 50 pontos revelam queda da produ\u00e7\u00e3o [&hellip;]<\/p>\n","protected":false},"author":2,"featured_media":57585,"comment_status":"open","ping_status":"closed","sticky":false,"template":"","format":"standard","meta":{"_genesis_hide_title":false,"_genesis_hide_breadcrumbs":false,"_genesis_hide_singular_image":false,"_genesis_hide_footer_widgets":false,"_genesis_custom_body_class":"","_genesis_custom_post_class":"","_genesis_layout":"","_jetpack_memberships_contains_paid_content":false,"footnotes":""},"categories":[22,7],"tags":[],"class_list":{"0":"post-100252","1":"post","2":"type-post","3":"status-publish","4":"format-standard","5":"has-post-thumbnail","7":"category-brasil","8":"category-economia","9":"entry","10":"gs-1","11":"gs-odd","12":"gs-even","13":"gs-featured-content-entry"},"jetpack_featured_media_url":"https:\/\/www.redenoticia.com.br\/noticia\/imagens\/analise-economia.jpg","jetpack_sharing_enabled":true,"jetpack_likes_enabled":true,"_links":{"self":[{"href":"https:\/\/www.redenoticia.com.br\/noticia\/wp-json\/wp\/v2\/posts\/100252","targetHints":{"allow":["GET"]}}],"collection":[{"href":"https:\/\/www.redenoticia.com.br\/noticia\/wp-json\/wp\/v2\/posts"}],"about":[{"href":"https:\/\/www.redenoticia.com.br\/noticia\/wp-json\/wp\/v2\/types\/post"}],"author":[{"embeddable":true,"href":"https:\/\/www.redenoticia.com.br\/noticia\/wp-json\/wp\/v2\/users\/2"}],"replies":[{"embeddable":true,"href":"https:\/\/www.redenoticia.com.br\/noticia\/wp-json\/wp\/v2\/comments?post=100252"}],"version-history":[{"count":0,"href":"https:\/\/www.redenoticia.com.br\/noticia\/wp-json\/wp\/v2\/posts\/100252\/revisions"}],"wp:featuredmedia":[{"embeddable":true,"href":"https:\/\/www.redenoticia.com.br\/noticia\/wp-json\/wp\/v2\/media\/57585"}],"wp:attachment":[{"href":"https:\/\/www.redenoticia.com.br\/noticia\/wp-json\/wp\/v2\/media?parent=100252"}],"wp:term":[{"taxonomy":"category","embeddable":true,"href":"https:\/\/www.redenoticia.com.br\/noticia\/wp-json\/wp\/v2\/categories?post=100252"},{"taxonomy":"post_tag","embeddable":true,"href":"https:\/\/www.redenoticia.com.br\/noticia\/wp-json\/wp\/v2\/tags?post=100252"}],"curies":[{"name":"wp","href":"https:\/\/api.w.org\/{rel}","templated":true}]}}