{"id":100244,"date":"2016-11-22T06:05:04","date_gmt":"2016-11-22T08:05:04","guid":{"rendered":"http:\/\/www.redenoticia.com.br\/noticia\/?p=100244"},"modified":"2016-11-21T18:06:16","modified_gmt":"2016-11-21T20:06:16","slug":"imigracao-de-trabalhadores-qualificados-para-sao-paulo-aumentou-nos-ultimos-anos","status":"publish","type":"post","link":"https:\/\/www.redenoticia.com.br\/noticia\/2016\/imigracao-de-trabalhadores-qualificados-para-sao-paulo-aumentou-nos-ultimos-anos\/100244","title":{"rendered":"Imigra\u00e7\u00e3o de trabalhadores qualificados para S\u00e3o Paulo aumentou nos \u00faltimos anos"},"content":{"rendered":"<p> Ag\u00eancia FAPESP \u00a0| \u00a0Elton Alisson, de Montevid\u00e9u\u00a0\u2013 A <strong><em>imigra\u00e7\u00e3o para o Estado de S\u00e3o Paulo<\/em><\/strong> de trabalhadores internacionais do conhecimento \u2013 como s\u00e3o definidos profissionais qualificados, com ao menos um t\u00edtulo universit\u00e1rio e que agregam valor econ\u00f4mico ao pa\u00eds por meio de sua forma\u00e7\u00e3o intelectual e criatividade, como engenheiros e cientistas \u2013 aumentou mais de 40% nos \u00faltimos 10 anos.<\/p>\n<p>Em 2006 S\u00e3o Paulo contabilizava 6.075 trabalhadores internacionais do conhecimento com v\u00ednculo formal de emprego. Em 2010, esse n\u00famero saltou para 7.448 e, em 2015, atingiu 8.615.<\/p>\n<p>Os dados, obtidos da Rela\u00e7\u00e3o Anual de Informa\u00e7\u00f5es Sociais (RAIS), do Minist\u00e9rio do Trabalho, foram apresentados por Rosana Baeninger, pesquisadora do N\u00facleo de Estudos da Popula\u00e7\u00e3o (Nepo) da Universidade Estadual de Campinas (Unicamp) e coordenadora do Projeto Tem\u00e1tico , apoiado pela FAPESP, durante palestra na mesa que teve como tema &#8220;Ci\u00eancia Pol\u00edtica e Economia&#8221;, na\u00a0.<\/p>\n<p>Organizado pela Asociaci\u00f3n de Universidades Grupo Montevideo (AUGM), a Universidad de la Rep\u00fablica (UDELAR) e a FAPESP, o simp\u00f3sio, que ocorreu entre os dias 17 e 18 de novembro no campus da UDELAR, em Montevid\u00e9u, teve como objetivo fortalecer as colabora\u00e7\u00f5es atuais e estabelecer novas parcerias entre pesquisadores da Am\u00e9rica do Sul nas diversas \u00e1reas do conhecimento. Participaram do encontro pesquisadores e dirigentes de institui\u00e7\u00f5es do Uruguai, Brasil, Argentina, Chile e Paraguai.<\/p>\n<p>\u201cO Brasil, e especificamente o Estado de S\u00e3o Paulo, tem se inserido e se beneficiado da migra\u00e7\u00e3o de m\u00e3o de obra internacional qualificada e de sua inser\u00e7\u00e3o no mercado de trabalho nacional\u201d, disse Baeninger \u00e0 Ag\u00eancia FAPESP.<\/p>\n<p>De acordo com a pesquisadora, umas das raz\u00f5es do aumento da imigra\u00e7\u00e3o de trabalhadores internacionais do conhecimento para S\u00e3o Paulo \u00e9 a inser\u00e7\u00e3o do Brasil no novo cen\u00e1rio econ\u00f4mico internacional globalizado, marcado pela intensifica\u00e7\u00e3o do fluxo do capital e da mobilidade da produ\u00e7\u00e3o industrial.<\/p>\n<p>A movimenta\u00e7\u00e3o do capital internacional e da produ\u00e7\u00e3o industrial fez com que aumentasse a demanda por m\u00e3o de obra qualificada \u2013 especialmente a vinculada a setores como o de ci\u00eancia e tecnologia \u2013 em diversos pa\u00edses, incluindo o Brasil, avaliou\u00a0Baeninger.<\/p>\n<p>\u201cA imigra\u00e7\u00e3o de trabalhadores internacionais do conhecimento para pa\u00edses como o Brasil, que na d\u00e9cada de 1970 era chamada de \u2018fuga de c\u00e9rebros\u2019, \u00e9 um fen\u00f4meno que sempre existiu, mas se intensificou com essa nova configura\u00e7\u00e3o do mercado globalizado, em que as empresas passaram a demandar mais m\u00e3o de obra qualificada, estimulando um novo fluxo de circula\u00e7\u00e3o de c\u00e9rebros\u201d, afirmou.<\/p>\n<p>O n\u00famero de trabalhadores internacionais do conhecimento que mais tem aumentado no Estado, segundo o levantamento, \u00e9 o de provenientes de pa\u00edses da Am\u00e9rica Latina, especialmente os que integram o Mercosul.<\/p>\n<p>Em 2006, essa categoria de trabalhadores oriundos de pa\u00edses da Am\u00e9rica Latina, como Argentina, Bol\u00edvia, Chile e Uruguai, representava 33,23% da for\u00e7a de trabalho estrangeira qualificada no Estado de S\u00e3o Paulo. Em 2015, passou a representar 45%, apontou a pesquisa.<\/p>\n<p>Uma das raz\u00f5es para esse aumento de participa\u00e7\u00e3o, segundo Baeninger, foi um acordo firmado no \u00e2mbito do Mercosul que facilitou a concess\u00e3o de visto de trabalho tempor\u00e1rio para os cidad\u00e3os de pa\u00edses integrantes do bloco econ\u00f4mico.<\/p>\n<p>\u201cPa\u00edses como a Argentina e o Chile sempre enviaram muitos desses trabalhadores para o Brasil, especialmente na d\u00e9cada de 1970, quando estes pa\u00edses passaram por um per\u00edodo de ditadura militar. Nos \u00faltimos anos, contudo, a mobilidade da m\u00e3o de obra qualificada desses pa\u00edses para o Estado de S\u00e3o Paulo tem aumentado em raz\u00e3o de fatores como a pr\u00f3pria cria\u00e7\u00e3o do Mercosul\u201d, indicou.<\/p>\n<p>A maior parte dos trabalhadores internacionais do conhecimento atuantes em S\u00e3o Paulo e oriunda de pa\u00edses do Mercosul \u00e9 homem. Nos \u00faltimos anos, entretanto, tem aumentado o n\u00famero de mulheres.<\/p>\n<p>Aproximadamente 88% dos trabalhadores, chamados de \u201csupercriativos\u201d, t\u00eam curso superior completo, 4% realizaram mestrado e 8% doutorado.<\/p>\n<p>Segundo a pesquisa, a m\u00e3o de obra internacional qualificada est\u00e1 mais espraiada por cidades do interior ou pr\u00f3ximas \u00e0 capital, como Campinas, diferentemente dos trabalhadores do conhecimento provenientes de outras regi\u00f5es do Brasil, que se concentram na Regi\u00e3o Metropolitana de S\u00e3o Paulo, porta de entrada para esse tipo de imigra\u00e7\u00e3o.<\/p>\n<p>\u201cH\u00e1 uma forte presen\u00e7a de trabalhadores internacionais do conhecimento em cidades do interior paulista, onde ocorreu um aumento da instala\u00e7\u00e3o de f\u00e1bricas de empresas multinacionais\u201d, disse Baeninger.<\/p>\n<p>\u201cS\u00e3o Paulo precisa aproveitar melhor as vantagens apresentadas por essa intensifica\u00e7\u00e3o da imigra\u00e7\u00e3o de m\u00e3o de obra superqualificada\u201d, avaliou.<\/p>\n<p>Benef\u00edcios<\/p>\n<p>Entre os benef\u00edcios apresentados por esse fluxo de m\u00e3o de obra qualificada para S\u00e3o Paulo, segundo a pesquisadora, est\u00e3o a troca de conhecimento e a transfer\u00eancia de tecnologia.<\/p>\n<p>Outra vantagem \u00e9 que esse contingente de trabalhadores acaba demandando novos servi\u00e7os at\u00e9 ent\u00e3o dispon\u00edveis s\u00f3 na metr\u00f3pole, como escolas que oferecem ensino em ingl\u00eas e escolas de idiomas.<\/p>\n<p>\u201cAs cidades menores acabam dinamizando seus processos de urbaniza\u00e7\u00e3o para atender a demandas qualificadas, construindo centros comerciais e shoppings, por exemplo\u201d, disse Baeninger.<\/p>\n<p>Outra contribui\u00e7\u00e3o, na avalia\u00e7\u00e3o da pesquisadora, \u00e9 a desmistifica\u00e7\u00e3o da percep\u00e7\u00e3o de que no Brasil s\u00f3 h\u00e1 a \u201cimigra\u00e7\u00e3o da pobreza\u201d.<\/p>\n<p>\u201c\u00c0 medida que a popula\u00e7\u00e3o das cidades do Estado de S\u00e3o Paulo vai se deparando com esse contingente de trabalhadores internacionais do conhecimento, isso contribui para demonstrar que tamb\u00e9m h\u00e1, no pa\u00eds, um outro movimento de imigra\u00e7\u00e3o qualificada\u201d, estimou.<\/p>\n<p>O fluxo de trabalhadores internacionais do conhecimento \u00e9 acompanhado pela imigra\u00e7\u00e3o de for\u00e7a de trabalho n\u00e3o qualificada das mesmas origens dos primeiros, ponderou Baeninger.<\/p>\n<p>Um dos exemplos desses fluxos migrat\u00f3rios confluentes \u00e9 o da Bol\u00edvia, que ao mesmo tempo em que exporta m\u00e3o de obra altamente qualificada para o Brasil, como m\u00e9dicos, tamb\u00e9m envia trabalhadores que atuam na ind\u00fastria t\u00eaxtil, em oficinas de costura.<\/p>\n<p>\u201cA exist\u00eancia concomitante desses grupos distintos de imigrantes em uma sociedade \u00e9 importante para desconstruir preconceitos em rela\u00e7\u00e3o a grupos de imigrantes no Brasil, como os bolivianos\u201d, avaliou a pesquisadora.<\/p>\n<p>Alheios \u00e0 crise<\/p>\n<p>Na opini\u00e3o da pesquisadora, nem mesmo a crise econ\u00f4mica deve arrefecer o fluxo de trabalhadores internacionais do conhecimento para o pa\u00eds, principalmente dos oriundos da Am\u00e9rica Latina.<\/p>\n<p>Em 2010, por exemplo, os pesquisadores observaram que o fluxo de imigrantes qualificados da Am\u00e9rica Latina para o Brasil aumentou em rela\u00e7\u00e3o aos anos anteriores, mesmo ap\u00f3s o pa\u00eds ter sido fortemente afetado pela crise econ\u00f4mica mundial, iniciada em 2008.<\/p>\n<p>\u201cConstatamos que, ap\u00f3s a crise, em 2008, o fluxo de imigrantes qualificados continuou aumentando em 2010, enquanto o de outras nacionalidades diminuiu\u201d, comparou Baeninger.<\/p>\n<p>\u201cMinha hip\u00f3tese \u00e9 a de que continuar\u00e1 crescendo a imigra\u00e7\u00e3o de trabalhadores internacionais do conhecimento para o Brasil, especialmente os oriundos de pa\u00edses do Mercosul\u201d, estimou.<\/p>\n","protected":false},"excerpt":{"rendered":"<p>Ag\u00eancia FAPESP \u00a0| \u00a0Elton Alisson, de Montevid\u00e9u\u00a0\u2013 A imigra\u00e7\u00e3o para o Estado de S\u00e3o Paulo de trabalhadores internacionais do conhecimento \u2013 como s\u00e3o definidos profissionais qualificados, com ao menos um t\u00edtulo universit\u00e1rio e que agregam valor econ\u00f4mico ao pa\u00eds por meio de sua forma\u00e7\u00e3o intelectual e criatividade, como engenheiros e cientistas \u2013 aumentou mais de [&hellip;]<\/p>\n","protected":false},"author":2,"featured_media":57582,"comment_status":"open","ping_status":"closed","sticky":false,"template":"","format":"standard","meta":{"_genesis_hide_title":false,"_genesis_hide_breadcrumbs":false,"_genesis_hide_singular_image":false,"_genesis_hide_footer_widgets":false,"_genesis_custom_body_class":"","_genesis_custom_post_class":"","_genesis_layout":"","_jetpack_memberships_contains_paid_content":false,"footnotes":""},"categories":[22,7],"tags":[],"class_list":{"0":"post-100244","1":"post","2":"type-post","3":"status-publish","4":"format-standard","5":"has-post-thumbnail","7":"category-brasil","8":"category-economia","9":"entry","10":"gs-1","11":"gs-odd","12":"gs-even","13":"gs-featured-content-entry"},"jetpack_featured_media_url":"https:\/\/www.redenoticia.com.br\/noticia\/imagens\/grafico1.jpg","jetpack_sharing_enabled":true,"jetpack_likes_enabled":true,"_links":{"self":[{"href":"https:\/\/www.redenoticia.com.br\/noticia\/wp-json\/wp\/v2\/posts\/100244","targetHints":{"allow":["GET"]}}],"collection":[{"href":"https:\/\/www.redenoticia.com.br\/noticia\/wp-json\/wp\/v2\/posts"}],"about":[{"href":"https:\/\/www.redenoticia.com.br\/noticia\/wp-json\/wp\/v2\/types\/post"}],"author":[{"embeddable":true,"href":"https:\/\/www.redenoticia.com.br\/noticia\/wp-json\/wp\/v2\/users\/2"}],"replies":[{"embeddable":true,"href":"https:\/\/www.redenoticia.com.br\/noticia\/wp-json\/wp\/v2\/comments?post=100244"}],"version-history":[{"count":0,"href":"https:\/\/www.redenoticia.com.br\/noticia\/wp-json\/wp\/v2\/posts\/100244\/revisions"}],"wp:featuredmedia":[{"embeddable":true,"href":"https:\/\/www.redenoticia.com.br\/noticia\/wp-json\/wp\/v2\/media\/57582"}],"wp:attachment":[{"href":"https:\/\/www.redenoticia.com.br\/noticia\/wp-json\/wp\/v2\/media?parent=100244"}],"wp:term":[{"taxonomy":"category","embeddable":true,"href":"https:\/\/www.redenoticia.com.br\/noticia\/wp-json\/wp\/v2\/categories?post=100244"},{"taxonomy":"post_tag","embeddable":true,"href":"https:\/\/www.redenoticia.com.br\/noticia\/wp-json\/wp\/v2\/tags?post=100244"}],"curies":[{"name":"wp","href":"https:\/\/api.w.org\/{rel}","templated":true}]}}