{"id":100242,"date":"2016-11-22T06:04:05","date_gmt":"2016-11-22T08:04:05","guid":{"rendered":"http:\/\/www.redenoticia.com.br\/noticia\/?p=100242"},"modified":"2016-11-21T18:04:59","modified_gmt":"2016-11-21T20:04:59","slug":"fenomenos-distantes-influenciam-o-clima-na-america-do-sul","status":"publish","type":"post","link":"https:\/\/www.redenoticia.com.br\/noticia\/2016\/fenomenos-distantes-influenciam-o-clima-na-america-do-sul\/100242","title":{"rendered":"Fen\u00f4menos distantes influenciam o clima na Am\u00e9rica do Sul"},"content":{"rendered":"<p> Ag\u00eancia FAPESP \u00a0| \u00a0Heitor Shimizu, de Montevid\u00e9u \u2013 O papel dos oceanos \u2013 n\u00e3o apenas Atl\u00e2ntico e Pac\u00edfico, mas tamb\u00e9m o \u00cdndico \u2013 na <strong><em>variabilidade clim\u00e1tica na Am\u00e9rica do Sul<\/em><\/strong> \u00e9 um dos temas de pesquisa de Marcelo Barreiro, professor do Departamento de Ciencias de la Atm\u00f3sfera da Facultad de Ciencias da Universidad de la Rep\u00fablica (UDELAR).<\/p>\n<p>O grupo coordenado por Barreiro estuda a variabilidade e a previsibilidade do clima no continente em escalas de tempo sazonais a d\u00e9cadas. Isso envolve o estudo de processos oce\u00e2nicos regionais e globais e seu impacto em \u00e1reas remotas por meio de teleconex\u00f5es atmosf\u00e9ricas \u2013 fen\u00f4menos clim\u00e1ticos distantes mas conectados.<\/p>\n<p>\u201cDiferentes padr\u00f5es de temperatura no oceano Pac\u00edfico tropical podem, por exemplo, gerar anomalias de chuva no norte e no sul do Uruguai&#8221;, disse.<\/p>\n<p>O pesquisador foi um dos palestrantes na FAPESP Week Montevideo. O evento na capital uruguaia foi organizado pela FAPESP em colabora\u00e7\u00e3o com a Asociaci\u00f3n de Universidades Grupo Montevideo (AUGM) e a Universidad de la Rep\u00fablica (UDELAR).<\/p>\n<p>Os oceanos Atl\u00e2ntico, Pac\u00edfico e \u00cdndico interagem por meio de teleconex\u00f5es oce\u00e2nicas e atmosf\u00e9ricas. Anomalias nas temperaturas da superf\u00edcie do mar nas por\u00e7\u00f5es tropicais do Pac\u00edfico e do Atl\u00e2ntico podem induzir anomalias nas quantidades de chuva nas regi\u00f5es tropicais.<\/p>\n<p>Barreiro e colegas usam modelos de redes complexas \u2013 que empregam sistemas computacionais no processamento de grande quantidade de dados \u2013 para construir uma rede clim\u00e1tica capaz de analisar como a variabilidade no regime de chuvas na Am\u00e9rica do Sul durante a primavera \u00e9 influenciada por fen\u00f4menos como o El Ni\u00f1o, o Dipolo do Oceano \u00cdndico e a variabilidade do Atl\u00e2ntico Tropical Norte.<\/p>\n<p>O Dipolo do \u00cdndico \u00e9 a oscila\u00e7\u00e3o irregular nas temperaturas da superf\u00edcie do mar em que o \u00cdndico ocidental se torna alternativamente mais quente e mais frio do que a parte oriental do oceano. O fen\u00f4meno foi identificado por pesquisadores em 1999.<\/p>\n<p>Barreiro e colegas tamb\u00e9m estudam como a influ\u00eancia coletiva dos oceanos tropicais no sudeste da Am\u00e9rica do Sul, observada durante o s\u00e9culo 20, pode mudar no s\u00e9culo 21 como resultado de for\u00e7as antropog\u00eanicas e das mudan\u00e7as clim\u00e1ticas.<\/p>\n<p>\u201cA influ\u00eancia dos oceanos tropicais \u00e9 a base para previs\u00f5es clim\u00e1ticas sazonais de chuvas e temperatura nos extratr\u00f3picos, regi\u00f5es do contr\u00e1rio dominadas pela variabilidade atmosf\u00e9rica interna com pouca previsibilidade. Por conta disso, uma quest\u00e3o fundamental que precisa ser endere\u00e7ada \u00e9 se essa influ\u00eancia mudar\u00e1 em um cen\u00e1rio de aquecimento global\u201d, disse Barreiro.<\/p>\n<p>\u201cPara isso, utilizamos observa\u00e7\u00f5es e modelos num\u00e9ricos de circula\u00e7\u00e3o atmosf\u00e9rica e oce\u00e2nica. Nosso trabalho tem implica\u00e7\u00f5es para o processo de tomada de decis\u00f5es em n\u00edvel produtivo em escalas de meses, bem como para a determina\u00e7\u00e3o do sinal de mudan\u00e7a clim\u00e1tica regional\u201d, disse.<\/p>\n<p>Resultados obtidos pelo grupo de Barreiro sugerem que a a\u00e7\u00e3o antropog\u00eanica resultar\u00e1 na diminui\u00e7\u00e3o no n\u00famero e na dura\u00e7\u00e3o dos per\u00edodos em que os oceanos tropicais influenciar\u00e3o coletivamente as chuvas sobre o sudeste da Am\u00e9rica do Sul. \u201cIsso poder\u00e1 resultar em uma diminui\u00e7\u00e3o na previsibilidade das chuvas sazonais em d\u00e9cadas futuras\u201d, disse.<\/p>\n<p>A diminui\u00e7\u00e3o no potencial de previsibilidade prejudica a produ\u00e7\u00e3o de previs\u00f5es sazonais e, por consequ\u00eancia, de informa\u00e7\u00f5es fundamentais para setores como agricultura e energia.<\/p>\n<p>Saiba mais sobre a FAPESP Week Montevideo: .<\/p>\n","protected":false},"excerpt":{"rendered":"<p>Ag\u00eancia FAPESP \u00a0| \u00a0Heitor Shimizu, de Montevid\u00e9u \u2013 O papel dos oceanos \u2013 n\u00e3o apenas Atl\u00e2ntico e Pac\u00edfico, mas tamb\u00e9m o \u00cdndico \u2013 na variabilidade clim\u00e1tica na Am\u00e9rica do Sul \u00e9 um dos temas de pesquisa de Marcelo Barreiro, professor do Departamento de Ciencias de la Atm\u00f3sfera da Facultad de Ciencias da Universidad de la [&hellip;]<\/p>\n","protected":false},"author":2,"featured_media":26302,"comment_status":"open","ping_status":"closed","sticky":false,"template":"","format":"standard","meta":{"_genesis_hide_title":false,"_genesis_hide_breadcrumbs":false,"_genesis_hide_singular_image":false,"_genesis_hide_footer_widgets":false,"_genesis_custom_body_class":"","_genesis_custom_post_class":"","_genesis_layout":"","_jetpack_memberships_contains_paid_content":false,"footnotes":""},"categories":[22],"tags":[],"class_list":{"0":"post-100242","1":"post","2":"type-post","3":"status-publish","4":"format-standard","5":"has-post-thumbnail","7":"category-brasil","8":"entry","9":"gs-1","10":"gs-odd","11":"gs-even","12":"gs-featured-content-entry"},"jetpack_featured_media_url":"https:\/\/www.redenoticia.com.br\/noticia\/imagens\/previsao-tempo-clima-temperatura-.jpg","jetpack_sharing_enabled":true,"jetpack_likes_enabled":true,"_links":{"self":[{"href":"https:\/\/www.redenoticia.com.br\/noticia\/wp-json\/wp\/v2\/posts\/100242","targetHints":{"allow":["GET"]}}],"collection":[{"href":"https:\/\/www.redenoticia.com.br\/noticia\/wp-json\/wp\/v2\/posts"}],"about":[{"href":"https:\/\/www.redenoticia.com.br\/noticia\/wp-json\/wp\/v2\/types\/post"}],"author":[{"embeddable":true,"href":"https:\/\/www.redenoticia.com.br\/noticia\/wp-json\/wp\/v2\/users\/2"}],"replies":[{"embeddable":true,"href":"https:\/\/www.redenoticia.com.br\/noticia\/wp-json\/wp\/v2\/comments?post=100242"}],"version-history":[{"count":0,"href":"https:\/\/www.redenoticia.com.br\/noticia\/wp-json\/wp\/v2\/posts\/100242\/revisions"}],"wp:featuredmedia":[{"embeddable":true,"href":"https:\/\/www.redenoticia.com.br\/noticia\/wp-json\/wp\/v2\/media\/26302"}],"wp:attachment":[{"href":"https:\/\/www.redenoticia.com.br\/noticia\/wp-json\/wp\/v2\/media?parent=100242"}],"wp:term":[{"taxonomy":"category","embeddable":true,"href":"https:\/\/www.redenoticia.com.br\/noticia\/wp-json\/wp\/v2\/categories?post=100242"},{"taxonomy":"post_tag","embeddable":true,"href":"https:\/\/www.redenoticia.com.br\/noticia\/wp-json\/wp\/v2\/tags?post=100242"}],"curies":[{"name":"wp","href":"https:\/\/api.w.org\/{rel}","templated":true}]}}