{"id":100065,"date":"2016-11-21T06:31:47","date_gmt":"2016-11-21T08:31:47","guid":{"rendered":"http:\/\/www.redenoticia.com.br\/noticia\/?p=100065"},"modified":"2016-11-18T16:32:53","modified_gmt":"2016-11-18T18:32:53","slug":"ritmo-de-demissoes-diminui-na-industria-paulista","status":"publish","type":"post","link":"https:\/\/www.redenoticia.com.br\/noticia\/2016\/ritmo-de-demissoes-diminui-na-industria-paulista\/100065","title":{"rendered":"Ritmo de demiss\u00f5es diminui na ind\u00fastria paulista"},"content":{"rendered":"<p> O <strong><em>n\u00edvel de emprego<\/em><\/strong> na ind\u00fastria de transforma\u00e7\u00e3o paulista caiu 0,28% em outubro, em rela\u00e7\u00e3o ao m\u00eas anterior, com o corte de 6,5 mil vagas. Apesar de ter ocorrido nova queda, as empresas reduziram o ritmo de demiss\u00f5es em compara\u00e7\u00e3o a setembro, quando houve recuo de 0,51%. No acumulado do ano, o setor eliminou 92 mil postos de trabalho.<\/p>\n<p>Os dados s\u00e3o do Departamento de Pesquisas e Estudos Econ\u00f4micos (Depecon) da Federa\u00e7\u00e3o e Centro das Ind\u00fastrias do Estado de S\u00e3o Paulo (Fiesp\/Ciesp). A Pesquisa N\u00edvel de Emprego \u00e9 feita desde 1981 e engloba informa\u00e7\u00f5es de 3,01 mil empresas.<\/p>\n<p>Em nota, o diretor do Depecon, Paulo Francini, informou que foi revista a previs\u00e3o para o fechamento do ano, que passou a indicar a elimina\u00e7\u00e3o de 150 mil empregos, 15 mil a menos do que a proje\u00e7\u00e3o anterior (165 mil).  Para Francini, a situa\u00e7\u00e3o da ind\u00fastria ainda \u00e9 muito grave. \u201cN\u00e3o conseguimos ver ainda a marca do que poder\u00edamos chamar de retorno do crescimento. Caminhamos para mais um final de ano negativo na economia brasileira e na ind\u00fastria de transforma\u00e7\u00e3o.\u201d<\/p>\n<p>Balan\u00e7o<\/p>\n<p>Em mais da metade dos setores pesquisados (59%), somando 13 segmentos de um total de 22, foi negativo o saldo entre contrata\u00e7\u00f5es e demiss\u00f5es. Os tr\u00eas segmentos que mais enxugaram quadros foram: Outros Equipamentos de Transporte (-2.045 vagas); Ve\u00edculos automotores (-1.522) e Produtos Aliment\u00edcios (-885). Cinco setores mantiveram a estabilidade e apenas quatro ampliaram as vagas.<\/p>\n<p>A diretoria regional da Fiesp\/Ciesp de Limeira foi a que teve queda mais significativa (-4,31%) entre as 36 diretorias pesquisadas. Na de Santa B\u00e1rbara d\u2019Oeste, houve recuo de 3,46% e na de S\u00e3o Jos\u00e9 dos Campos, de 2,56%. No total, houve recuos em 18 diretorias, n\u00famero abaixo do registrado em igual m\u00eas do ano passado (31) e tamb\u00e9m dos outros dois anos imediatamente, anteriores (em 2013 foram 20 e em 2014, 30).<\/p>\n<p>Em 12 regionais foram constatados aumentos, sendo que as maiores chances de emprego ocorreram nas empresas vinculadas \u00e0 diretoria de Mat\u00e3o +1,92%); Santos (1,75%) e Santo Andr\u00e9 (0,90%).<\/p>\n<p>Marli Moreira &#8211; Rep\u00f3rter da Ag\u00eancia Brasil<br \/>\nEdi\u00e7\u00e3o: Augusto Queiroz<br \/>\n21\/11\/2016<\/p>\n","protected":false},"excerpt":{"rendered":"<p>O n\u00edvel de emprego na ind\u00fastria de transforma\u00e7\u00e3o paulista caiu 0,28% em outubro, em rela\u00e7\u00e3o ao m\u00eas anterior, com o corte de 6,5 mil vagas. Apesar de ter ocorrido nova queda, as empresas reduziram o ritmo de demiss\u00f5es em compara\u00e7\u00e3o a setembro, quando houve recuo de 0,51%. No acumulado do ano, o setor eliminou 92 [&hellip;]<\/p>\n","protected":false},"author":2,"featured_media":57583,"comment_status":"open","ping_status":"closed","sticky":false,"template":"","format":"standard","meta":{"_genesis_hide_title":false,"_genesis_hide_breadcrumbs":false,"_genesis_hide_singular_image":false,"_genesis_hide_footer_widgets":false,"_genesis_custom_body_class":"","_genesis_custom_post_class":"","_genesis_layout":"","_jetpack_memberships_contains_paid_content":false,"footnotes":""},"categories":[22,7],"tags":[],"class_list":{"0":"post-100065","1":"post","2":"type-post","3":"status-publish","4":"format-standard","5":"has-post-thumbnail","7":"category-brasil","8":"category-economia","9":"entry","10":"gs-1","11":"gs-odd","12":"gs-even","13":"gs-featured-content-entry"},"jetpack_featured_media_url":"https:\/\/www.redenoticia.com.br\/noticia\/imagens\/economia-grafico.jpg","jetpack_sharing_enabled":true,"jetpack_likes_enabled":true,"_links":{"self":[{"href":"https:\/\/www.redenoticia.com.br\/noticia\/wp-json\/wp\/v2\/posts\/100065","targetHints":{"allow":["GET"]}}],"collection":[{"href":"https:\/\/www.redenoticia.com.br\/noticia\/wp-json\/wp\/v2\/posts"}],"about":[{"href":"https:\/\/www.redenoticia.com.br\/noticia\/wp-json\/wp\/v2\/types\/post"}],"author":[{"embeddable":true,"href":"https:\/\/www.redenoticia.com.br\/noticia\/wp-json\/wp\/v2\/users\/2"}],"replies":[{"embeddable":true,"href":"https:\/\/www.redenoticia.com.br\/noticia\/wp-json\/wp\/v2\/comments?post=100065"}],"version-history":[{"count":0,"href":"https:\/\/www.redenoticia.com.br\/noticia\/wp-json\/wp\/v2\/posts\/100065\/revisions"}],"wp:featuredmedia":[{"embeddable":true,"href":"https:\/\/www.redenoticia.com.br\/noticia\/wp-json\/wp\/v2\/media\/57583"}],"wp:attachment":[{"href":"https:\/\/www.redenoticia.com.br\/noticia\/wp-json\/wp\/v2\/media?parent=100065"}],"wp:term":[{"taxonomy":"category","embeddable":true,"href":"https:\/\/www.redenoticia.com.br\/noticia\/wp-json\/wp\/v2\/categories?post=100065"},{"taxonomy":"post_tag","embeddable":true,"href":"https:\/\/www.redenoticia.com.br\/noticia\/wp-json\/wp\/v2\/tags?post=100065"}],"curies":[{"name":"wp","href":"https:\/\/api.w.org\/{rel}","templated":true}]}}